{"id":69263,"date":"2025-07-07T11:14:41","date_gmt":"2025-07-07T16:14:41","guid":{"rendered":"https:\/\/globalnewsmexico.com\/sitio\/?p=69263"},"modified":"2025-07-07T11:14:42","modified_gmt":"2025-07-07T16:14:42","slug":"gobierno-del-estado-de-mexico-revocara-concesiones-por-accidentes-graves-en-transporte-publico","status":"publish","type":"post","link":"https:\/\/globalnewsmexico.com\/sitio\/gobierno-del-estado-de-mexico-revocara-concesiones-por-accidentes-graves-en-transporte-publico\/","title":{"rendered":"Gobierno del Estado de M\u00e9xico revocar\u00e1 concesiones por accidentes graves en transporte p\u00fablico"},"content":{"rendered":"\n<p>Estado de M\u00e9xico<\/p>\n\n\n\n<p>El Gobierno del Estado de M\u00e9xico anunci\u00f3 que revocar\u00e1 de manera inmediata las concesiones de transporte p\u00fablico involucradas en accidentes viales que deriven en personas lesionadas o fallecidas. Esta medida forma parte de una pol\u00edtica de cero tolerancia instruida por la Gobernadora Delfina G\u00f3mez \u00c1lvarez y busca fortalecer la seguridad de los usuarios en toda la entidad.<\/p>\n\n\n\n<p>La decisi\u00f3n tambi\u00e9n contempla la presentaci\u00f3n de denuncias penales ante la Fiscal\u00eda General de Justicia del Estado de M\u00e9xico contra los responsables y el retiro definitivo de licencias de conducir a los operadores implicados, como parte de una estrategia integral para combatir la impunidad y elevar los est\u00e1ndares de responsabilidad en el transporte p\u00fablico.<\/p>\n\n\n\n<p>De acuerdo con autoridades estatales, el objetivo es proteger la vida de los mexiquenses y generar un entorno vial m\u00e1s seguro, frente a los incidentes recurrentes que han afectado a la poblaci\u00f3n en distintas regiones del estado.<\/p>\n\n\n\n<p>Adem\u00e1s, se reforzar\u00e1 la supervisi\u00f3n de unidades, se revisar\u00e1 la capacitaci\u00f3n de los choferes y se aplicar\u00e1n operativos permanentes para detectar unidades irregulares o que no cumplan con los requisitos m\u00ednimos de operaci\u00f3n.<\/p>\n\n\n\n<p>Con estas acciones, el Gobierno estatal reitera su compromiso de garantizar un transporte p\u00fablico m\u00e1s seguro, eficiente y digno para todas y todos.<\/p>\n","protected":false},"excerpt":{"rendered":"<p>Estado de M\u00e9xico El Gobierno del Estado de M\u00e9xico anunci\u00f3 que revocar\u00e1 de manera inmediata las concesiones de transporte p\u00fablico involucradas en accidentes viales que deriven en personas lesionadas o fallecidas. Esta medida forma parte de una pol\u00edtica de cero tolerancia instruida por la Gobernadora Delfina G\u00f3mez \u00c1lvarez y busca fortalecer la seguridad de los<a class=\"read-more\" href=\"https:\/\/globalnewsmexico.com\/sitio\/gobierno-del-estado-de-mexico-revocara-concesiones-por-accidentes-graves-en-transporte-publico\/\">Leer m\u00e1s<\/a><\/p>\n","protected":false},"author":13,"featured_media":69264,"comment_status":"closed","ping_status":"open","sticky":false,"template":"","format":"standard","meta":{"spay_email":"","footnotes":""},"categories":[208],"tags":[211],"jetpack_featured_media_url":"https:\/\/i2.wp.com\/globalnewsmexico.com\/sitio\/wp-content\/uploads\/2025\/07\/GLOBAL-PLANTILLAS-31.png?fit=940%2C788&ssl=1","jetpack_sharing_enabled":true,"jetpack_shortlink":"https:\/\/wp.me\/p9yqPL-i19","jetpack_likes_enabled":true,"_links":{"self":[{"href":"https:\/\/globalnewsmexico.com\/sitio\/wp-json\/wp\/v2\/posts\/69263"}],"collection":[{"href":"https:\/\/globalnewsmexico.com\/sitio\/wp-json\/wp\/v2\/posts"}],"about":[{"href":"https:\/\/globalnewsmexico.com\/sitio\/wp-json\/wp\/v2\/types\/post"}],"author":[{"embeddable":true,"href":"https:\/\/globalnewsmexico.com\/sitio\/wp-json\/wp\/v2\/users\/13"}],"replies":[{"embeddable":true,"href":"https:\/\/globalnewsmexico.com\/sitio\/wp-json\/wp\/v2\/comments?post=69263"}],"version-history":[{"count":0,"href":"https:\/\/globalnewsmexico.com\/sitio\/wp-json\/wp\/v2\/posts\/69263\/revisions"}],"wp:featuredmedia":[{"embeddable":true,"href":"https:\/\/globalnewsmexico.com\/sitio\/wp-json\/wp\/v2\/media\/69264"}],"wp:attachment":[{"href":"https:\/\/globalnewsmexico.com\/sitio\/wp-json\/wp\/v2\/media?parent=69263"}],"wp:term":[{"taxonomy":"category","embeddable":true,"href":"https:\/\/globalnewsmexico.com\/sitio\/wp-json\/wp\/v2\/categories?post=69263"},{"taxonomy":"post_tag","embeddable":true,"href":"https:\/\/globalnewsmexico.com\/sitio\/wp-json\/wp\/v2\/tags?post=69263"}],"curies":[{"name":"wp","href":"https:\/\/api.w.org\/{rel}","templated":true}]}}