{"id":69274,"date":"2025-07-07T12:13:32","date_gmt":"2025-07-07T17:13:32","guid":{"rendered":"https:\/\/globalnewsmexico.com\/sitio\/?p=69274"},"modified":"2025-07-07T12:13:33","modified_gmt":"2025-07-07T17:13:33","slug":"detienen-a-presuntos-integrantes-de-banda-dedicada-al-robo-de-vehiculos-en-el-valle-de-toluca","status":"publish","type":"post","link":"https:\/\/globalnewsmexico.com\/sitio\/detienen-a-presuntos-integrantes-de-banda-dedicada-al-robo-de-vehiculos-en-el-valle-de-toluca\/","title":{"rendered":"Detienen a presuntos integrantes de banda dedicada al robo de veh\u00edculos en el Valle de Toluca"},"content":{"rendered":"\n<p>Toluca, Estado de M\u00e9xico<\/p>\n\n\n\n<p>Autoridades de los tres niveles de gobierno lograron la detenci\u00f3n de dos personas presuntamente vinculadas a una banda dedicada al robo de veh\u00edculos en la regi\u00f3n del Valle de Toluca. La acci\u00f3n fue resultado de un operativo coordinado entre la Secretar\u00eda de Seguridad del Estado de M\u00e9xico, la Guardia Nacional y corporaciones municipales.<\/p>\n\n\n\n<p>Durante el despliegue t\u00e1ctico, se logr\u00f3 el aseguramiento de un veh\u00edculo con reporte de robo, en el que se trasladaban los presuntos responsables. Al realizar la inspecci\u00f3n correspondiente, tambi\u00e9n fueron localizadas 30 bolsas con una sustancia con caracter\u00edsticas similares a las de un estupefaciente, as\u00ed como cuatro tel\u00e9fonos celulares, que podr\u00edan estar relacionados con actividades il\u00edcitas.<\/p>\n\n\n\n<p>Los detenidos fueron puestos a disposici\u00f3n del Ministerio P\u00fablico, donde se determinar\u00e1 su situaci\u00f3n jur\u00eddica con base en los elementos recabados durante la intervenci\u00f3n.<\/p>\n\n\n\n<p>Las autoridades informaron que estas acciones forman parte de una estrategia integral para combatir delitos de alto impacto, como el robo de veh\u00edculos, en coordinaci\u00f3n con las mesas regionales para la construcci\u00f3n de la paz y la seguridad en el Estado de M\u00e9xico.<\/p>\n","protected":false},"excerpt":{"rendered":"<p>Toluca, Estado de M\u00e9xico Autoridades de los tres niveles de gobierno lograron la detenci\u00f3n de dos personas presuntamente vinculadas a una banda dedicada al robo de veh\u00edculos en la regi\u00f3n del Valle de Toluca. La acci\u00f3n fue resultado de un operativo coordinado entre la Secretar\u00eda de Seguridad del Estado de M\u00e9xico, la Guardia Nacional y<a class=\"read-more\" href=\"https:\/\/globalnewsmexico.com\/sitio\/detienen-a-presuntos-integrantes-de-banda-dedicada-al-robo-de-vehiculos-en-el-valle-de-toluca\/\">Leer m\u00e1s<\/a><\/p>\n","protected":false},"author":13,"featured_media":69275,"comment_status":"closed","ping_status":"open","sticky":false,"template":"","format":"standard","meta":{"spay_email":"","footnotes":""},"categories":[208],"tags":[211,209],"jetpack_featured_media_url":"https:\/\/i1.wp.com\/globalnewsmexico.com\/sitio\/wp-content\/uploads\/2025\/07\/GLOBAL-PLANTILLAS-36.png?fit=940%2C788&ssl=1","jetpack_sharing_enabled":true,"jetpack_shortlink":"https:\/\/wp.me\/p9yqPL-i1k","jetpack_likes_enabled":true,"_links":{"self":[{"href":"https:\/\/globalnewsmexico.com\/sitio\/wp-json\/wp\/v2\/posts\/69274"}],"collection":[{"href":"https:\/\/globalnewsmexico.com\/sitio\/wp-json\/wp\/v2\/posts"}],"about":[{"href":"https:\/\/globalnewsmexico.com\/sitio\/wp-json\/wp\/v2\/types\/post"}],"author":[{"embeddable":true,"href":"https:\/\/globalnewsmexico.com\/sitio\/wp-json\/wp\/v2\/users\/13"}],"replies":[{"embeddable":true,"href":"https:\/\/globalnewsmexico.com\/sitio\/wp-json\/wp\/v2\/comments?post=69274"}],"version-history":[{"count":0,"href":"https:\/\/globalnewsmexico.com\/sitio\/wp-json\/wp\/v2\/posts\/69274\/revisions"}],"wp:featuredmedia":[{"embeddable":true,"href":"https:\/\/globalnewsmexico.com\/sitio\/wp-json\/wp\/v2\/media\/69275"}],"wp:attachment":[{"href":"https:\/\/globalnewsmexico.com\/sitio\/wp-json\/wp\/v2\/media?parent=69274"}],"wp:term":[{"taxonomy":"category","embeddable":true,"href":"https:\/\/globalnewsmexico.com\/sitio\/wp-json\/wp\/v2\/categories?post=69274"},{"taxonomy":"post_tag","embeddable":true,"href":"https:\/\/globalnewsmexico.com\/sitio\/wp-json\/wp\/v2\/tags?post=69274"}],"curies":[{"name":"wp","href":"https:\/\/api.w.org\/{rel}","templated":true}]}}