{"id":69306,"date":"2025-07-08T12:08:21","date_gmt":"2025-07-08T17:08:21","guid":{"rendered":"https:\/\/globalnewsmexico.com\/sitio\/?p=69306"},"modified":"2025-07-08T12:08:21","modified_gmt":"2025-07-08T17:08:21","slug":"valle-de-bravo-recupera-niveles-de-presa-y-revitaliza-su-vocacion-turistica","status":"publish","type":"post","link":"https:\/\/globalnewsmexico.com\/sitio\/valle-de-bravo-recupera-niveles-de-presa-y-revitaliza-su-vocacion-turistica\/","title":{"rendered":"Valle de Bravo recupera niveles de presa y revitaliza su vocaci\u00f3n tur\u00edstica"},"content":{"rendered":"\n<p><em>Valle de Bravo, Estado de M\u00e9xico<\/em><\/p>\n\n\n\n<p>Tras m\u00e1s de cinco a\u00f1os de enfrentar niveles bajos en su principal cuerpo de agua, la presa Miguel Alem\u00e1n de Valle de Bravo ha logrado una recuperaci\u00f3n significativa, alcanzando actualmente un <strong>68 % de su capacidad<\/strong>, lo que ha generado un repunte en el turismo y en la econom\u00eda local.<\/p>\n\n\n\n<p>De acuerdo con datos de la <strong>Asociaci\u00f3n de Prestadores de Servicios Tur\u00edsticos<\/strong>, la <strong>ocupaci\u00f3n hotelera en fines de semana ha llegado al 73 %<\/strong>, marcando una notable recuperaci\u00f3n del flujo de visitantes a este Pueblo M\u00e1gico, considerado uno de los destinos m\u00e1s emblem\u00e1ticos del Estado de M\u00e9xico.<\/p>\n\n\n\n<p>La recuperaci\u00f3n del embalse ha permitido reactivar actividades recreativas como paseos en lancha, deportes acu\u00e1ticos y pesca deportiva, adem\u00e1s de fortalecer la oferta de ecoturismo, gastronom\u00eda local y eventos culturales. Comerciantes y operadores tur\u00edsticos han se\u00f1alado que el aumento en el nivel de agua ha devuelto el atractivo visual y ambiental caracter\u00edstico de la zona, incentivando la llegada de visitantes nacionales e internacionales.<\/p>\n\n\n\n<p>La recuperaci\u00f3n de la presa se atribuye a una mejor gesti\u00f3n h\u00eddrica, a la captaci\u00f3n de lluvias recientes y a acciones coordinadas entre instancias estatales y federales para conservar las fuentes naturales de agua.<\/p>\n\n\n\n<p>Este escenario refuerza el papel de <strong>Valle de Bravo como un motor tur\u00edstico del Estado de M\u00e9xico<\/strong>, con impacto directo en la generaci\u00f3n de empleo, el desarrollo econ\u00f3mico local y la promoci\u00f3n del turismo sustentable.<\/p>\n","protected":false},"excerpt":{"rendered":"<p>Valle de Bravo, Estado de M\u00e9xico Tras m\u00e1s de cinco a\u00f1os de enfrentar niveles bajos en su principal cuerpo de agua, la presa Miguel Alem\u00e1n de Valle de Bravo ha logrado una recuperaci\u00f3n significativa, alcanzando actualmente un 68 % de su capacidad, lo que ha generado un repunte en el turismo y en la econom\u00eda<a class=\"read-more\" href=\"https:\/\/globalnewsmexico.com\/sitio\/valle-de-bravo-recupera-niveles-de-presa-y-revitaliza-su-vocacion-turistica\/\">Leer m\u00e1s<\/a><\/p>\n","protected":false},"author":13,"featured_media":69307,"comment_status":"closed","ping_status":"open","sticky":false,"template":"","format":"standard","meta":{"spay_email":"","footnotes":""},"categories":[208],"tags":[211,127,249],"jetpack_featured_media_url":"https:\/\/i2.wp.com\/globalnewsmexico.com\/sitio\/wp-content\/uploads\/2025\/07\/GLOBAL-PLANTILLAS-68.png?fit=940%2C788&ssl=1","jetpack_sharing_enabled":true,"jetpack_shortlink":"https:\/\/wp.me\/p9yqPL-i1Q","jetpack_likes_enabled":true,"_links":{"self":[{"href":"https:\/\/globalnewsmexico.com\/sitio\/wp-json\/wp\/v2\/posts\/69306"}],"collection":[{"href":"https:\/\/globalnewsmexico.com\/sitio\/wp-json\/wp\/v2\/posts"}],"about":[{"href":"https:\/\/globalnewsmexico.com\/sitio\/wp-json\/wp\/v2\/types\/post"}],"author":[{"embeddable":true,"href":"https:\/\/globalnewsmexico.com\/sitio\/wp-json\/wp\/v2\/users\/13"}],"replies":[{"embeddable":true,"href":"https:\/\/globalnewsmexico.com\/sitio\/wp-json\/wp\/v2\/comments?post=69306"}],"version-history":[{"count":0,"href":"https:\/\/globalnewsmexico.com\/sitio\/wp-json\/wp\/v2\/posts\/69306\/revisions"}],"wp:featuredmedia":[{"embeddable":true,"href":"https:\/\/globalnewsmexico.com\/sitio\/wp-json\/wp\/v2\/media\/69307"}],"wp:attachment":[{"href":"https:\/\/globalnewsmexico.com\/sitio\/wp-json\/wp\/v2\/media?parent=69306"}],"wp:term":[{"taxonomy":"category","embeddable":true,"href":"https:\/\/globalnewsmexico.com\/sitio\/wp-json\/wp\/v2\/categories?post=69306"},{"taxonomy":"post_tag","embeddable":true,"href":"https:\/\/globalnewsmexico.com\/sitio\/wp-json\/wp\/v2\/tags?post=69306"}],"curies":[{"name":"wp","href":"https:\/\/api.w.org\/{rel}","templated":true}]}}