{"id":69314,"date":"2025-07-08T16:59:22","date_gmt":"2025-07-08T21:59:22","guid":{"rendered":"https:\/\/globalnewsmexico.com\/sitio\/?p=69314"},"modified":"2025-07-08T16:59:23","modified_gmt":"2025-07-08T21:59:23","slug":"brillara-el-edomex-con-el-festival-internacional-de-las-luciernagas-2025","status":"publish","type":"post","link":"https:\/\/globalnewsmexico.com\/sitio\/brillara-el-edomex-con-el-festival-internacional-de-las-luciernagas-2025\/","title":{"rendered":"Brillar\u00e1 el Edom\u00e9x con el Festival Internacional de las Luci\u00e9rnagas 2025"},"content":{"rendered":"\n<h3 class=\"wp-block-heading\"><strong><em>TOLUCA, Estado de M\u00e9xico.<\/em><\/strong><\/h3>\n\n\n\n<p>El Estado de M\u00e9xico se ilumina con magia y naturaleza: del <strong>11 al 13 de julio<\/strong>, se llevar\u00e1 a cabo el <strong>Festival Internacional de las Luci\u00e9rnagas 2025<\/strong>, un evento familiar y gratuito que reunir\u00e1 cultura, arte y turismo en <strong>Amecameca, Tlalmanalco, Ecatzingo e Ixtapaluca<\/strong>.<\/p>\n\n\n\n<p>Durante tres d\u00edas, visitantes podr\u00e1n disfrutar de <strong>talleres, conciertos, danzas tradicionales, exposiciones<\/strong> y <strong>carreras atl\u00e9ticas<\/strong> en un entorno natural \u00fanico. El cartel art\u00edstico incluye presentaciones de <strong>Moenia, Aar\u00f3n y su Grupo Ilusi\u00f3n, Pasteles Verdes<\/strong>, as\u00ed como <strong>tributos a Caifanes, Jos\u00e9 Jos\u00e9 y Juan Gabriel<\/strong>.<\/p>\n\n\n\n<p>Adem\u00e1s, los asistentes podr\u00e1n vivir la experiencia del <strong>avistamiento de luci\u00e9rnagas<\/strong>, un fen\u00f3meno natural que cada a\u00f1o atrae a miles de turistas nacionales e internacionales.<\/p>\n\n\n\n<p>\ud83d\udd26 <strong>\u00bfQuieres saber en qu\u00e9 lugar puedes vivir esta experiencia m\u00e1gica? Consulta el directorio oficial de los 26 ecoparques autorizados aqu\u00ed \ud83d\udc49 <a class=\"\" href=\"https:\/\/lnk.ink\/JY5MF\">https:\/\/lnk.ink\/JY5MF<\/a><\/strong><\/p>\n\n\n\n<p>\u00a1Prep\u00e1rate para vivir un fin de semana inolvidable bajo la luz de las luci\u00e9rnagas!<\/p>\n","protected":false},"excerpt":{"rendered":"<p>TOLUCA, Estado de M\u00e9xico. El Estado de M\u00e9xico se ilumina con magia y naturaleza: del 11 al 13 de julio, se llevar\u00e1 a cabo el Festival Internacional de las Luci\u00e9rnagas 2025, un evento familiar y gratuito que reunir\u00e1 cultura, arte y turismo en Amecameca, Tlalmanalco, Ecatzingo e Ixtapaluca. Durante tres d\u00edas, visitantes podr\u00e1n disfrutar de<a class=\"read-more\" href=\"https:\/\/globalnewsmexico.com\/sitio\/brillara-el-edomex-con-el-festival-internacional-de-las-luciernagas-2025\/\">Leer m\u00e1s<\/a><\/p>\n","protected":false},"author":13,"featured_media":69315,"comment_status":"closed","ping_status":"open","sticky":false,"template":"","format":"standard","meta":{"spay_email":"","footnotes":""},"categories":[208],"tags":[211],"jetpack_featured_media_url":"https:\/\/i1.wp.com\/globalnewsmexico.com\/sitio\/wp-content\/uploads\/2025\/07\/GLOBAL-PLANTILLAS-72.png?fit=940%2C788&ssl=1","jetpack_sharing_enabled":true,"jetpack_shortlink":"https:\/\/wp.me\/p9yqPL-i1Y","jetpack_likes_enabled":true,"_links":{"self":[{"href":"https:\/\/globalnewsmexico.com\/sitio\/wp-json\/wp\/v2\/posts\/69314"}],"collection":[{"href":"https:\/\/globalnewsmexico.com\/sitio\/wp-json\/wp\/v2\/posts"}],"about":[{"href":"https:\/\/globalnewsmexico.com\/sitio\/wp-json\/wp\/v2\/types\/post"}],"author":[{"embeddable":true,"href":"https:\/\/globalnewsmexico.com\/sitio\/wp-json\/wp\/v2\/users\/13"}],"replies":[{"embeddable":true,"href":"https:\/\/globalnewsmexico.com\/sitio\/wp-json\/wp\/v2\/comments?post=69314"}],"version-history":[{"count":0,"href":"https:\/\/globalnewsmexico.com\/sitio\/wp-json\/wp\/v2\/posts\/69314\/revisions"}],"wp:featuredmedia":[{"embeddable":true,"href":"https:\/\/globalnewsmexico.com\/sitio\/wp-json\/wp\/v2\/media\/69315"}],"wp:attachment":[{"href":"https:\/\/globalnewsmexico.com\/sitio\/wp-json\/wp\/v2\/media?parent=69314"}],"wp:term":[{"taxonomy":"category","embeddable":true,"href":"https:\/\/globalnewsmexico.com\/sitio\/wp-json\/wp\/v2\/categories?post=69314"},{"taxonomy":"post_tag","embeddable":true,"href":"https:\/\/globalnewsmexico.com\/sitio\/wp-json\/wp\/v2\/tags?post=69314"}],"curies":[{"name":"wp","href":"https:\/\/api.w.org\/{rel}","templated":true}]}}