{"id":69320,"date":"2025-07-08T17:44:40","date_gmt":"2025-07-08T22:44:40","guid":{"rendered":"https:\/\/globalnewsmexico.com\/sitio\/?p=69320"},"modified":"2025-07-08T18:01:31","modified_gmt":"2025-07-08T23:01:31","slug":"3ra-carrera-pet-friendly-metepec-5-y-3-km-2025","status":"publish","type":"post","link":"https:\/\/globalnewsmexico.com\/sitio\/3ra-carrera-pet-friendly-metepec-5-y-3-km-2025\/","title":{"rendered":"\u00a13ra Carrera Pet Friendly Metepec 5 y 3 km 2025!"},"content":{"rendered":"\n<p>El municipio de Metepec llevar\u00e1 a cabo la <strong>tercera edici\u00f3n de la Carrera Pet Friendly<\/strong> el pr\u00f3ximo <strong>domingo 13 de julio de 2025<\/strong>, con salida desde <strong>Plaza Ju\u00e1rez<\/strong>, ubicada en el coraz\u00f3n del municipio. Esta carrera busca fomentar la actividad f\u00edsica, la convivencia responsable con animales de compa\u00f1\u00eda y el bienestar comunitario.<\/p>\n\n\n\n<p>El evento es coordinado por la <strong>Direcci\u00f3n de Medio Ambiente<\/strong> y el <strong>Centro de Control y Bienestar Animal<\/strong> de Metepec, y contempla dos modalidades: <strong>5 kil\u00f3metros competitivos<\/strong> y <strong>3 kil\u00f3metros recreativos<\/strong>.<\/p>\n\n\n\n<h3 class=\"wp-block-heading\">Detalles log\u00edsticos<\/h3>\n\n\n\n<ul>\n<li><strong>Fecha:<\/strong> Domingo 13 de julio de 2025<\/li>\n\n\n\n<li><strong>Sede:<\/strong> Plaza Ju\u00e1rez, Centro de Metepec<\/li>\n\n\n\n<li><strong>Hora de llegada sugerida:<\/strong> 7:00 a.m.<\/li>\n\n\n\n<li><strong>Banderazo de salida:<\/strong> 7:30 a.m.<\/li>\n<\/ul>\n\n\n\n<h3 class=\"wp-block-heading\">Categor\u00edas y premiaci\u00f3n<\/h3>\n\n\n\n<p><strong>Modalidad 5 km \u2013 Con mascota (varonil y femenil):<\/strong><\/p>\n\n\n\n<ul>\n<li>1er lugar: $2,000 + kit de accesorios para mascota<\/li>\n\n\n\n<li>2do lugar: $1,500 + kit de accesorios<\/li>\n\n\n\n<li>3er lugar: $1,000 + kit de accesorios<\/li>\n<\/ul>\n\n\n\n<p><strong>Modalidad 5 km \u2013 Sin mascota (varonil y femenil):<\/strong><\/p>\n\n\n\n<ul>\n<li>1er lugar: $2,000<\/li>\n\n\n\n<li>2do lugar: $1,500<\/li>\n\n\n\n<li>3er lugar: $1,000<\/li>\n<\/ul>\n\n\n\n<p><strong>Ruta recreativa de 3 km:<\/strong><\/p>\n\n\n\n<ul>\n<li>No contempla premiaci\u00f3n.<\/li>\n\n\n\n<li>Pensada para familias y corredores recreativos que desean caminar o trotar acompa\u00f1ados de su mascota.<\/li>\n<\/ul>\n\n\n\n<p>Adem\u00e1s, se realizar\u00e1 una <strong>rifa de accesorios y productos para mascotas<\/strong>, con premios otorgados por los patrocinadores del evento. Todos los participantes registrados podr\u00e1n ser acreedores.<\/p>\n\n\n\n<figure class=\"wp-block-image size-large\"><a href=\"https:\/\/i2.wp.com\/globalnewsmexico.com\/sitio\/wp-content\/uploads\/2025\/07\/517451726_1363276522505097_734338483318131260_n.jpg?ssl=1\"><img loading=\"lazy\" decoding=\"async\" width=\"800\" height=\"614\" src=\"https:\/\/i2.wp.com\/globalnewsmexico.com\/sitio\/wp-content\/uploads\/2025\/07\/517451726_1363276522505097_734338483318131260_n.jpg?resize=800%2C614&#038;ssl=1\" alt=\"\" class=\"wp-image-69322\" srcset=\"https:\/\/i2.wp.com\/globalnewsmexico.com\/sitio\/wp-content\/uploads\/2025\/07\/517451726_1363276522505097_734338483318131260_n.jpg?resize=1024%2C786&amp;ssl=1 1024w, https:\/\/i2.wp.com\/globalnewsmexico.com\/sitio\/wp-content\/uploads\/2025\/07\/517451726_1363276522505097_734338483318131260_n.jpg?resize=300%2C230&amp;ssl=1 300w, https:\/\/i2.wp.com\/globalnewsmexico.com\/sitio\/wp-content\/uploads\/2025\/07\/517451726_1363276522505097_734338483318131260_n.jpg?resize=768%2C590&amp;ssl=1 768w, https:\/\/i2.wp.com\/globalnewsmexico.com\/sitio\/wp-content\/uploads\/2025\/07\/517451726_1363276522505097_734338483318131260_n.jpg?resize=580%2C445&amp;ssl=1 580w, https:\/\/i2.wp.com\/globalnewsmexico.com\/sitio\/wp-content\/uploads\/2025\/07\/517451726_1363276522505097_734338483318131260_n.jpg?resize=332%2C255&amp;ssl=1 332w, https:\/\/i2.wp.com\/globalnewsmexico.com\/sitio\/wp-content\/uploads\/2025\/07\/517451726_1363276522505097_734338483318131260_n.jpg?resize=456%2C350&amp;ssl=1 456w, https:\/\/i2.wp.com\/globalnewsmexico.com\/sitio\/wp-content\/uploads\/2025\/07\/517451726_1363276522505097_734338483318131260_n.jpg?w=1440&amp;ssl=1 1440w\" sizes=\"(max-width: 800px) 100vw, 800px\" data-recalc-dims=\"1\" \/><\/a><\/figure>\n\n\n\n<h3 class=\"wp-block-heading\">Inscripciones y contacto<\/h3>\n\n\n\n<p>La inscripci\u00f3n se realiza en l\u00ednea a trav\u00e9s de la plataforma:<br>\ud83d\udd17 <a href=\"https:\/\/www.asdeporte.com\/evento\/3ra--carrera-pet-friendly-metepec-5-y-3k-2025-f6l\/datos-del-evento\">https:\/\/www.asdeporte.com\/evento\/3ra&#8211;carrera-pet-friendly-metepec-5-y-3k-2025-f6l\/datos-del-evento<\/a><\/p>\n\n\n\n<p><strong>Contacto directo con los organizadores:<\/strong><\/p>\n\n\n\n<ul>\n<li>\ud83d\udcde Tel\u00e9fono: 55 59 06 54 52<\/li>\n\n\n\n<li>\ud83d\udce7 Correo: <a>tiempodecorrer.pop@gmail.com<\/a><\/li>\n<\/ul>\n\n\n\n<p>Se recomienda a los participantes mantenerse informados a trav\u00e9s de los canales oficiales para conocer cualquier actualizaci\u00f3n en log\u00edstica, condiciones clim\u00e1ticas o medidas de seguridad sanitaria. Tambi\u00e9n se recuerda la importancia de llevar a los animales de compa\u00f1\u00eda con correa y en condiciones \u00f3ptimas para participar.<\/p>\n","protected":false},"excerpt":{"rendered":"<p>El municipio de Metepec llevar\u00e1 a cabo la tercera edici\u00f3n de la Carrera Pet Friendly el pr\u00f3ximo domingo 13 de julio de 2025, con salida desde Plaza Ju\u00e1rez, ubicada en el coraz\u00f3n del municipio. Esta carrera busca fomentar la actividad f\u00edsica, la convivencia responsable con animales de compa\u00f1\u00eda y el bienestar comunitario. El evento es<a class=\"read-more\" href=\"https:\/\/globalnewsmexico.com\/sitio\/3ra-carrera-pet-friendly-metepec-5-y-3-km-2025\/\">Leer m\u00e1s<\/a><\/p>\n","protected":false},"author":13,"featured_media":69324,"comment_status":"closed","ping_status":"open","sticky":false,"template":"","format":"standard","meta":{"spay_email":"","footnotes":""},"categories":[208],"tags":[211],"jetpack_featured_media_url":"https:\/\/i1.wp.com\/globalnewsmexico.com\/sitio\/wp-content\/uploads\/2025\/07\/GLOBAL-PLANTILLAS-77.png?fit=940%2C788&ssl=1","jetpack_sharing_enabled":true,"jetpack_shortlink":"https:\/\/wp.me\/p9yqPL-i24","jetpack_likes_enabled":true,"_links":{"self":[{"href":"https:\/\/globalnewsmexico.com\/sitio\/wp-json\/wp\/v2\/posts\/69320"}],"collection":[{"href":"https:\/\/globalnewsmexico.com\/sitio\/wp-json\/wp\/v2\/posts"}],"about":[{"href":"https:\/\/globalnewsmexico.com\/sitio\/wp-json\/wp\/v2\/types\/post"}],"author":[{"embeddable":true,"href":"https:\/\/globalnewsmexico.com\/sitio\/wp-json\/wp\/v2\/users\/13"}],"replies":[{"embeddable":true,"href":"https:\/\/globalnewsmexico.com\/sitio\/wp-json\/wp\/v2\/comments?post=69320"}],"version-history":[{"count":0,"href":"https:\/\/globalnewsmexico.com\/sitio\/wp-json\/wp\/v2\/posts\/69320\/revisions"}],"wp:featuredmedia":[{"embeddable":true,"href":"https:\/\/globalnewsmexico.com\/sitio\/wp-json\/wp\/v2\/media\/69324"}],"wp:attachment":[{"href":"https:\/\/globalnewsmexico.com\/sitio\/wp-json\/wp\/v2\/media?parent=69320"}],"wp:term":[{"taxonomy":"category","embeddable":true,"href":"https:\/\/globalnewsmexico.com\/sitio\/wp-json\/wp\/v2\/categories?post=69320"},{"taxonomy":"post_tag","embeddable":true,"href":"https:\/\/globalnewsmexico.com\/sitio\/wp-json\/wp\/v2\/tags?post=69320"}],"curies":[{"name":"wp","href":"https:\/\/api.w.org\/{rel}","templated":true}]}}