{"id":69327,"date":"2025-07-09T11:22:10","date_gmt":"2025-07-09T16:22:10","guid":{"rendered":"https:\/\/globalnewsmexico.com\/sitio\/?p=69327"},"modified":"2025-07-09T11:22:11","modified_gmt":"2025-07-09T16:22:11","slug":"issemym-actualiza-cuadro-basico-de-medicamentos-para-mejorar-la-atencion-medica-en-el-estado-de-mexico","status":"publish","type":"post","link":"https:\/\/globalnewsmexico.com\/sitio\/issemym-actualiza-cuadro-basico-de-medicamentos-para-mejorar-la-atencion-medica-en-el-estado-de-mexico\/","title":{"rendered":"ISSEMyM actualiza cuadro b\u00e1sico de medicamentos para mejorar la atenci\u00f3n m\u00e9dica en el Estado de M\u00e9xico"},"content":{"rendered":"\n<h3 class=\"wp-block-heading\"><strong><em>TOLUCA, Estado de M\u00e9xico<\/em><\/strong><\/h3>\n\n\n\n<p>En un esfuerzo por elevar la calidad en la atenci\u00f3n m\u00e9dica y garantizar el acceso a tratamientos m\u00e1s eficaces, el <strong>Instituto de Seguridad Social del Estado de M\u00e9xico y Municipios (ISSEMyM)<\/strong> llev\u00f3 a cabo la <strong>Primera Sesi\u00f3n Ordinaria 2025 del Comit\u00e9 Central de Farmacia y Terap\u00e9utica<\/strong>, en la cual se aprob\u00f3 una actualizaci\u00f3n integral del <strong>cuadro b\u00e1sico de medicamentos<\/strong>.<\/p>\n\n\n\n<p>Esta actualizaci\u00f3n tiene como objetivo principal <strong>incorporar f\u00e1rmacos de \u00faltima generaci\u00f3n<\/strong>, mejorar esquemas terap\u00e9uticos y adecuar el suministro a las <strong>necesidades reales de la derechohabiencia<\/strong>, incluyendo tratamientos para enfermedades cr\u00f3nicas, degenerativas, infecciosas y del sistema nervioso central.<\/p>\n\n\n\n<p>Con esta medida, el ISSEMyM refrenda su compromiso con una pol\u00edtica de salud p\u00fablica <strong>basada en evidencia cl\u00ednica y criterios de costo-beneficio<\/strong>, que busca <strong>incrementar la cobertura, eficacia y seguridad<\/strong> en los tratamientos m\u00e9dicos que reciben m\u00e1s de <strong>un mill\u00f3n de derechohabientes<\/strong> en el Estado de M\u00e9xico.<\/p>\n\n\n\n<p>Cada a\u00f1o, el instituto <strong>dispensa m\u00e1s de 17 millones de piezas de medicamentos<\/strong> a trav\u00e9s de su red de hospitales y unidades m\u00e9dicas. Con el fortalecimiento del cuadro b\u00e1sico, se busca tambi\u00e9n optimizar el abasto y reducir los tiempos de espera en las farmacias institucionales, en coordinaci\u00f3n con los servicios cl\u00ednicos y log\u00edsticos.<\/p>\n\n\n\n<p>Autoridades del ISSEMyM destacaron que esta acci\u00f3n forma parte de una estrategia integral que incluye la capacitaci\u00f3n constante del personal m\u00e9dico y farmac\u00e9utico, as\u00ed como una vigilancia permanente en la calidad de los insumos m\u00e9dicos, todo ello en l\u00ednea con las pol\u00edticas de <strong>bienestar y atenci\u00f3n digna impulsadas por el Gobierno del Estado de M\u00e9xico<\/strong>.<\/p>\n","protected":false},"excerpt":{"rendered":"<p>TOLUCA, Estado de M\u00e9xico En un esfuerzo por elevar la calidad en la atenci\u00f3n m\u00e9dica y garantizar el acceso a tratamientos m\u00e1s eficaces, el Instituto de Seguridad Social del Estado de M\u00e9xico y Municipios (ISSEMyM) llev\u00f3 a cabo la Primera Sesi\u00f3n Ordinaria 2025 del Comit\u00e9 Central de Farmacia y Terap\u00e9utica, en la cual se aprob\u00f3<a class=\"read-more\" href=\"https:\/\/globalnewsmexico.com\/sitio\/issemym-actualiza-cuadro-basico-de-medicamentos-para-mejorar-la-atencion-medica-en-el-estado-de-mexico\/\">Leer m\u00e1s<\/a><\/p>\n","protected":false},"author":13,"featured_media":69328,"comment_status":"closed","ping_status":"open","sticky":false,"template":"","format":"standard","meta":{"spay_email":"","footnotes":""},"categories":[208],"tags":[211,215],"jetpack_featured_media_url":"https:\/\/i0.wp.com\/globalnewsmexico.com\/sitio\/wp-content\/uploads\/2025\/07\/GLOBAL-PLANTILLAS-93.png?fit=940%2C788&ssl=1","jetpack_sharing_enabled":true,"jetpack_shortlink":"https:\/\/wp.me\/p9yqPL-i2b","jetpack_likes_enabled":true,"_links":{"self":[{"href":"https:\/\/globalnewsmexico.com\/sitio\/wp-json\/wp\/v2\/posts\/69327"}],"collection":[{"href":"https:\/\/globalnewsmexico.com\/sitio\/wp-json\/wp\/v2\/posts"}],"about":[{"href":"https:\/\/globalnewsmexico.com\/sitio\/wp-json\/wp\/v2\/types\/post"}],"author":[{"embeddable":true,"href":"https:\/\/globalnewsmexico.com\/sitio\/wp-json\/wp\/v2\/users\/13"}],"replies":[{"embeddable":true,"href":"https:\/\/globalnewsmexico.com\/sitio\/wp-json\/wp\/v2\/comments?post=69327"}],"version-history":[{"count":0,"href":"https:\/\/globalnewsmexico.com\/sitio\/wp-json\/wp\/v2\/posts\/69327\/revisions"}],"wp:featuredmedia":[{"embeddable":true,"href":"https:\/\/globalnewsmexico.com\/sitio\/wp-json\/wp\/v2\/media\/69328"}],"wp:attachment":[{"href":"https:\/\/globalnewsmexico.com\/sitio\/wp-json\/wp\/v2\/media?parent=69327"}],"wp:term":[{"taxonomy":"category","embeddable":true,"href":"https:\/\/globalnewsmexico.com\/sitio\/wp-json\/wp\/v2\/categories?post=69327"},{"taxonomy":"post_tag","embeddable":true,"href":"https:\/\/globalnewsmexico.com\/sitio\/wp-json\/wp\/v2\/tags?post=69327"}],"curies":[{"name":"wp","href":"https:\/\/api.w.org\/{rel}","templated":true}]}}