{"id":69397,"date":"2025-07-16T10:05:45","date_gmt":"2025-07-16T15:05:45","guid":{"rendered":"https:\/\/globalnewsmexico.com\/sitio\/?p=69397"},"modified":"2025-07-16T10:05:46","modified_gmt":"2025-07-16T15:05:46","slug":"martha-patricia-zarza-primera-rectora-de-la-uaemex","status":"publish","type":"post","link":"https:\/\/globalnewsmexico.com\/sitio\/martha-patricia-zarza-primera-rectora-de-la-uaemex\/","title":{"rendered":"Martha Patricia Zarza, primera rectora de la UAEM\u00e9x"},"content":{"rendered":"\n<p>La Dra. Martha Patricia Zarza Delgado, quien fuera exsecretaria de Investigaci\u00f3n y Estudios Avanzados de la UAEMex, es electa como Rectora de la M\u00e1xima Casa de estudios del estado de M\u00e9xico.<br>La nueva Rectora obtuvo la mayor\u00eda de los 231 puntos que estuvieron en elecci\u00f3n para obtener el m\u00e1s alto encargo de la UaEM\u00e9x.<br>Su proyecto de trabajo se bas\u00f3 en la transformaci\u00f3n de la administraci\u00f3n, al ser cercana, incluyente y progresista.<br>El tema de la gratuidad educativa fue su eje de propuesta y reiter\u00f3 que este concepto lo prev\u00e9 la Ley y tambi\u00e9n hizo su bandera el proyecto incluyente, en tanto que la transparencia debe aplicarse en todos los recursos como propios, acad\u00e9micos y administrativos.<br>Este 15 de julio, la Universidad Aut\u00f3noma del Estado de M\u00e9xico (UAEM\u00e9x) realiz\u00f3 por primera vez una elecci\u00f3n en la que toda su comunidad \u2014estudiantes, docentes y personal administrativo\u2014 puede ejercer su voto para definir qui\u00e9n ocupar\u00e1 la rector\u00eda durante el periodo 2025-2029.<br>El proceso contempl\u00f3 una modalidad mixta: presencial, con sedes en el Teatro Morelos y la Escuela Normal de Educaci\u00f3n F\u00edsica (ENEF), y electr\u00f3nica, a trav\u00e9s de la plataforma institucional. Ambas modalidades en un horario de 9:00 a 18:00 horas.<br>Esta elecci\u00f3n, adem\u00e1s de ser hist\u00f3rica por abrir la participaci\u00f3n directa de la comunidad universitaria, tambi\u00e9n marcar\u00e1 un precedente: por primera vez, una mujer ocupar\u00e1 la rector\u00eda de la UAEM\u00e9x.<br>La votaci\u00f3n se ponder\u00f3 con base en 213 puntos distribuidos entre 53 espacios universitarios y la Administraci\u00f3n Central, otorgando mayor peso al estudiantado.<br>La jornada transcurri\u00f3 en un contexto marcado por protestas estudiantiles, exigencias de atenci\u00f3n a la violencia de g\u00e9nero y el retiro de candidatas.<br>La toma de protesta est\u00e1 programada para el jueves 17 de julio, en sesi\u00f3n extraordinaria del H. Consejo Universitario.<\/p>\n","protected":false},"excerpt":{"rendered":"<p>La Dra. Martha Patricia Zarza Delgado, quien fuera exsecretaria de Investigaci\u00f3n y Estudios Avanzados de la UAEMex, es electa como Rectora de la M\u00e1xima Casa de estudios del estado de M\u00e9xico.La nueva Rectora obtuvo la mayor\u00eda de los 231 puntos que estuvieron en elecci\u00f3n para obtener el m\u00e1s alto encargo de la UaEM\u00e9x.Su proyecto de<a class=\"read-more\" href=\"https:\/\/globalnewsmexico.com\/sitio\/martha-patricia-zarza-primera-rectora-de-la-uaemex\/\">Leer m\u00e1s<\/a><\/p>\n","protected":false},"author":12,"featured_media":69398,"comment_status":"closed","ping_status":"open","sticky":false,"template":"","format":"standard","meta":{"spay_email":"","footnotes":""},"categories":[208],"tags":[],"jetpack_featured_media_url":"https:\/\/i1.wp.com\/globalnewsmexico.com\/sitio\/wp-content\/uploads\/2025\/07\/1f79518d-3341-4bea-8c6f-30ab47264b87.jpeg?fit=1080%2C1350&ssl=1","jetpack_sharing_enabled":true,"jetpack_shortlink":"https:\/\/wp.me\/p9yqPL-i3j","jetpack_likes_enabled":true,"_links":{"self":[{"href":"https:\/\/globalnewsmexico.com\/sitio\/wp-json\/wp\/v2\/posts\/69397"}],"collection":[{"href":"https:\/\/globalnewsmexico.com\/sitio\/wp-json\/wp\/v2\/posts"}],"about":[{"href":"https:\/\/globalnewsmexico.com\/sitio\/wp-json\/wp\/v2\/types\/post"}],"author":[{"embeddable":true,"href":"https:\/\/globalnewsmexico.com\/sitio\/wp-json\/wp\/v2\/users\/12"}],"replies":[{"embeddable":true,"href":"https:\/\/globalnewsmexico.com\/sitio\/wp-json\/wp\/v2\/comments?post=69397"}],"version-history":[{"count":0,"href":"https:\/\/globalnewsmexico.com\/sitio\/wp-json\/wp\/v2\/posts\/69397\/revisions"}],"wp:featuredmedia":[{"embeddable":true,"href":"https:\/\/globalnewsmexico.com\/sitio\/wp-json\/wp\/v2\/media\/69398"}],"wp:attachment":[{"href":"https:\/\/globalnewsmexico.com\/sitio\/wp-json\/wp\/v2\/media?parent=69397"}],"wp:term":[{"taxonomy":"category","embeddable":true,"href":"https:\/\/globalnewsmexico.com\/sitio\/wp-json\/wp\/v2\/categories?post=69397"},{"taxonomy":"post_tag","embeddable":true,"href":"https:\/\/globalnewsmexico.com\/sitio\/wp-json\/wp\/v2\/tags?post=69397"}],"curies":[{"name":"wp","href":"https:\/\/api.w.org\/{rel}","templated":true}]}}