{"id":69422,"date":"2025-07-21T11:35:27","date_gmt":"2025-07-21T16:35:27","guid":{"rendered":"https:\/\/globalnewsmexico.com\/sitio\/?p=69422"},"modified":"2025-07-21T11:35:27","modified_gmt":"2025-07-21T16:35:27","slug":"danzatlan-2025-llevara-la-danza-a-todos-los-rincones-del-estado-de-mexico","status":"publish","type":"post","link":"https:\/\/globalnewsmexico.com\/sitio\/danzatlan-2025-llevara-la-danza-a-todos-los-rincones-del-estado-de-mexico\/","title":{"rendered":"Danzatl\u00e1n 2025 llevar\u00e1 la danza a todos los rincones del Estado de M\u00e9xico"},"content":{"rendered":"\n<p><em>Estado de M\u00e9xico<\/em><\/p>\n\n\n\n<p>Del 5 al 11 de agosto, el Estado de M\u00e9xico ser\u00e1 sede del <strong>Festival Internacional Danzatl\u00e1n 2025<\/strong>, que ofrecer\u00e1 <strong>m\u00e1s de 60 actividades gratuitas<\/strong> en <strong>m\u00e1s de 15 municipios mexiquenses<\/strong>, con la participaci\u00f3n de compa\u00f1\u00edas de danza nacionales e internacionales.<\/p>\n\n\n\n<p>Organizado por la <strong>Fundaci\u00f3n Elisa Carrillo Cabrera<\/strong> en colaboraci\u00f3n con la <strong>Secretar\u00eda de Cultura y Turismo del Estado de M\u00e9xico<\/strong>, el festival tiene como objetivo acercar el arte del movimiento a p\u00fablicos diversos y fomentar el inter\u00e9s por la danza cl\u00e1sica, contempor\u00e1nea y popular.<\/p>\n\n\n\n<p>El programa incluir\u00e1 <strong>funciones esc\u00e9nicas, clases magistrales, talleres y conversatorios<\/strong>, abiertos al p\u00fablico y con entrada libre, lo que permite democratizar el acceso a expresiones art\u00edsticas de alto nivel y descentralizar la oferta cultural.<\/p>\n\n\n\n<p><strong>Danzatl\u00e1n 2025<\/strong> llegar\u00e1 a teatros, plazas p\u00fablicas y centros culturales de municipios como Toluca, Texcoco, Naucalpan, Tlalnepantla, Ecatepec, Tenango del Valle, Metepec, entre otros. Cada sede contar\u00e1 con presentaciones de agrupaciones reconocidas a nivel internacional, as\u00ed como con el talento emergente de artistas locales y nacionales.<\/p>\n\n\n\n<p>Adem\u00e1s, esta edici\u00f3n buscar\u00e1 reforzar la formaci\u00f3n de nuevos p\u00fablicos y brindar a ni\u00f1as, ni\u00f1os y j\u00f3venes experiencias significativas con la danza como herramienta de desarrollo humano y cohesi\u00f3n social.<\/p>\n\n\n\n<p>El festival tambi\u00e9n rinde homenaje a la trayectoria de la bailarina mexiquense Elisa Carrillo, primera mexicana en ser primera figura del Staatsballett Berlin y una de las m\u00e1ximas exponentes del ballet a nivel mundial.<\/p>\n\n\n\n<p><strong>Danzatl\u00e1n<\/strong> se consolida as\u00ed como uno de los festivales culturales m\u00e1s importantes de M\u00e9xico, y un orgullo para la comunidad art\u00edstica del Estado de M\u00e9xico.<\/p>\n","protected":false},"excerpt":{"rendered":"<p>Estado de M\u00e9xico Del 5 al 11 de agosto, el Estado de M\u00e9xico ser\u00e1 sede del Festival Internacional Danzatl\u00e1n 2025, que ofrecer\u00e1 m\u00e1s de 60 actividades gratuitas en m\u00e1s de 15 municipios mexiquenses, con la participaci\u00f3n de compa\u00f1\u00edas de danza nacionales e internacionales. Organizado por la Fundaci\u00f3n Elisa Carrillo Cabrera en colaboraci\u00f3n con la Secretar\u00eda<a class=\"read-more\" href=\"https:\/\/globalnewsmexico.com\/sitio\/danzatlan-2025-llevara-la-danza-a-todos-los-rincones-del-estado-de-mexico\/\">Leer m\u00e1s<\/a><\/p>\n","protected":false},"author":13,"featured_media":69423,"comment_status":"closed","ping_status":"open","sticky":false,"template":"","format":"standard","meta":{"spay_email":"","footnotes":""},"categories":[208],"tags":[211],"jetpack_featured_media_url":"https:\/\/i1.wp.com\/globalnewsmexico.com\/sitio\/wp-content\/uploads\/2025\/07\/GLOBAL-PLANTILLAS-2025-07-21T101327.179.png?fit=940%2C788&ssl=1","jetpack_sharing_enabled":true,"jetpack_shortlink":"https:\/\/wp.me\/p9yqPL-i3I","jetpack_likes_enabled":true,"_links":{"self":[{"href":"https:\/\/globalnewsmexico.com\/sitio\/wp-json\/wp\/v2\/posts\/69422"}],"collection":[{"href":"https:\/\/globalnewsmexico.com\/sitio\/wp-json\/wp\/v2\/posts"}],"about":[{"href":"https:\/\/globalnewsmexico.com\/sitio\/wp-json\/wp\/v2\/types\/post"}],"author":[{"embeddable":true,"href":"https:\/\/globalnewsmexico.com\/sitio\/wp-json\/wp\/v2\/users\/13"}],"replies":[{"embeddable":true,"href":"https:\/\/globalnewsmexico.com\/sitio\/wp-json\/wp\/v2\/comments?post=69422"}],"version-history":[{"count":0,"href":"https:\/\/globalnewsmexico.com\/sitio\/wp-json\/wp\/v2\/posts\/69422\/revisions"}],"wp:featuredmedia":[{"embeddable":true,"href":"https:\/\/globalnewsmexico.com\/sitio\/wp-json\/wp\/v2\/media\/69423"}],"wp:attachment":[{"href":"https:\/\/globalnewsmexico.com\/sitio\/wp-json\/wp\/v2\/media?parent=69422"}],"wp:term":[{"taxonomy":"category","embeddable":true,"href":"https:\/\/globalnewsmexico.com\/sitio\/wp-json\/wp\/v2\/categories?post=69422"},{"taxonomy":"post_tag","embeddable":true,"href":"https:\/\/globalnewsmexico.com\/sitio\/wp-json\/wp\/v2\/tags?post=69422"}],"curies":[{"name":"wp","href":"https:\/\/api.w.org\/{rel}","templated":true}]}}