{"id":69430,"date":"2025-07-21T12:15:52","date_gmt":"2025-07-21T17:15:52","guid":{"rendered":"https:\/\/globalnewsmexico.com\/sitio\/?p=69430"},"modified":"2025-07-21T12:15:53","modified_gmt":"2025-07-21T17:15:53","slug":"ambulantes-del-mercado-juarez-retoman-actividades-aseguran-tener-amparo","status":"publish","type":"post","link":"https:\/\/globalnewsmexico.com\/sitio\/ambulantes-del-mercado-juarez-retoman-actividades-aseguran-tener-amparo\/","title":{"rendered":"Ambulantes del Mercado Ju\u00e1rez retoman actividades; aseguran tener amparo"},"content":{"rendered":"\n<p><strong>TOLUCA, EDOM\u00c9X<\/strong><\/p>\n\n\n\n<p>Comerciantes ambulantes regresaron este lunes a sus actividades en las inmediaciones del <strong>Mercado Ju\u00e1rez<\/strong>, luego de asegurar p\u00fablicamente que cuentan con un <strong>amparo judicial<\/strong> que les permite ejercer el comercio en la v\u00eda p\u00fablica.<\/p>\n\n\n\n<p>Durante una conferencia de prensa, representantes de los vendedores informaron que dicho recurso legal les brinda protecci\u00f3n ante los recientes <strong>operativos de desalojo<\/strong> implementados por autoridades municipales, estatales y federales. Argumentaron que su derecho al trabajo est\u00e1 siendo vulnerado y pidieron a las autoridades respetar las disposiciones del amparo.<\/p>\n\n\n\n<p>Hasta el momento, el <strong>Ayuntamiento de Toluca<\/strong> no ha emitido una postura oficial respecto al presunto amparo ni sobre la reactivaci\u00f3n de los puestos en la zona. Cabe recordar que las acciones de reordenamiento urbano se mantienen vigentes en diversos puntos de la ciudad, particularmente en la <strong>Terminal de Autobuses y el Mercado Ju\u00e1rez<\/strong>, donde se busca mejorar la <strong>movilidad y la seguridad peatonal<\/strong>.<\/p>\n\n\n\n<p>La situaci\u00f3n genera expectativas sobre el posible reinicio del di\u00e1logo entre las autoridades y los comerciantes, mientras contin\u00faa la presencia de cuerpos de seguridad en la zona.<\/p>\n","protected":false},"excerpt":{"rendered":"<p>TOLUCA, EDOM\u00c9X Comerciantes ambulantes regresaron este lunes a sus actividades en las inmediaciones del Mercado Ju\u00e1rez, luego de asegurar p\u00fablicamente que cuentan con un amparo judicial que les permite ejercer el comercio en la v\u00eda p\u00fablica. Durante una conferencia de prensa, representantes de los vendedores informaron que dicho recurso legal les brinda protecci\u00f3n ante los<a class=\"read-more\" href=\"https:\/\/globalnewsmexico.com\/sitio\/ambulantes-del-mercado-juarez-retoman-actividades-aseguran-tener-amparo\/\">Leer m\u00e1s<\/a><\/p>\n","protected":false},"author":13,"featured_media":69431,"comment_status":"closed","ping_status":"open","sticky":false,"template":"","format":"standard","meta":{"spay_email":"","footnotes":""},"categories":[208],"tags":[211,209],"jetpack_featured_media_url":"https:\/\/i1.wp.com\/globalnewsmexico.com\/sitio\/wp-content\/uploads\/2025\/07\/GLOBAL-PLANTILLAS-2025-07-21T111410.330.png?fit=940%2C788&ssl=1","jetpack_sharing_enabled":true,"jetpack_shortlink":"https:\/\/wp.me\/p9yqPL-i3Q","jetpack_likes_enabled":true,"_links":{"self":[{"href":"https:\/\/globalnewsmexico.com\/sitio\/wp-json\/wp\/v2\/posts\/69430"}],"collection":[{"href":"https:\/\/globalnewsmexico.com\/sitio\/wp-json\/wp\/v2\/posts"}],"about":[{"href":"https:\/\/globalnewsmexico.com\/sitio\/wp-json\/wp\/v2\/types\/post"}],"author":[{"embeddable":true,"href":"https:\/\/globalnewsmexico.com\/sitio\/wp-json\/wp\/v2\/users\/13"}],"replies":[{"embeddable":true,"href":"https:\/\/globalnewsmexico.com\/sitio\/wp-json\/wp\/v2\/comments?post=69430"}],"version-history":[{"count":0,"href":"https:\/\/globalnewsmexico.com\/sitio\/wp-json\/wp\/v2\/posts\/69430\/revisions"}],"wp:featuredmedia":[{"embeddable":true,"href":"https:\/\/globalnewsmexico.com\/sitio\/wp-json\/wp\/v2\/media\/69431"}],"wp:attachment":[{"href":"https:\/\/globalnewsmexico.com\/sitio\/wp-json\/wp\/v2\/media?parent=69430"}],"wp:term":[{"taxonomy":"category","embeddable":true,"href":"https:\/\/globalnewsmexico.com\/sitio\/wp-json\/wp\/v2\/categories?post=69430"},{"taxonomy":"post_tag","embeddable":true,"href":"https:\/\/globalnewsmexico.com\/sitio\/wp-json\/wp\/v2\/tags?post=69430"}],"curies":[{"name":"wp","href":"https:\/\/api.w.org\/{rel}","templated":true}]}}