{"id":69454,"date":"2025-07-28T12:54:49","date_gmt":"2025-07-28T17:54:49","guid":{"rendered":"https:\/\/globalnewsmexico.com\/sitio\/?p=69454"},"modified":"2025-07-28T12:54:52","modified_gmt":"2025-07-28T17:54:52","slug":"martha-patricia-zarza-delgado-primera-mujer-rectora-en-la-historia-de-la-uaemex","status":"publish","type":"post","link":"https:\/\/globalnewsmexico.com\/sitio\/martha-patricia-zarza-delgado-primera-mujer-rectora-en-la-historia-de-la-uaemex\/","title":{"rendered":"Martha Patricia Zarza Delgado, primera mujer rectora en la historia de la UAEM\u00e9x"},"content":{"rendered":"\n<p><em>Toluca, Estado de M\u00e9xico<\/em><\/p>\n\n\n\n<p>Con una trayectoria acad\u00e9mica s\u00f3lida y una visi\u00f3n centrada en el di\u00e1logo, la doctora <strong>Martha Patricia Zarza Delgado<\/strong> fue designada como <strong>rectora de la Universidad Aut\u00f3noma del Estado de M\u00e9xico (UAEM\u00e9x)<\/strong> para el periodo 2025-2029, convirti\u00e9ndose en la <strong>primera mujer<\/strong> en ocupar este cargo en casi <strong>200 a\u00f1os de historia<\/strong> de la m\u00e1xima casa de estudios mexiquense.<\/p>\n\n\n\n<p>Zarza Delgado es doctora en Ciencias Sociales, con una amplia experiencia en docencia, investigaci\u00f3n y gesti\u00f3n acad\u00e9mica. Ha ocupado diversos cargos al interior de la universidad, siempre vinculada al fortalecimiento de la educaci\u00f3n superior y la participaci\u00f3n estudiantil.<\/p>\n\n\n\n<p>Su nombramiento representa un hecho hist\u00f3rico para la instituci\u00f3n, al romper con una tradici\u00f3n exclusivamente masculina en la rector\u00eda, y abre la puerta a nuevas perspectivas sobre el liderazgo universitario en un momento de transformaci\u00f3n social.<\/p>\n\n\n\n<p>No obstante, su llegada al cargo no ha estado exenta de controversia. Diversos colectivos estudiantiles han expresado <strong>inconformidades sobre el proceso de designaci\u00f3n<\/strong>, se\u00f1alando falta de apertura y representatividad. Como respuesta, la doctora Zarza ha reiterado su disposici\u00f3n al di\u00e1logo y al trabajo conjunto con todas las voces que conforman la comunidad universitaria.<\/p>\n\n\n\n<p>Durante los primeros d\u00edas de su gesti\u00f3n, Zarza Delgado sostuvo un primer encuentro con estudiantes de la Asamblea de la Facultad de Medicina, en un contexto marcado por exigencias de mayor transparencia, seguridad y participaci\u00f3n. La rectora reafirm\u00f3 su compromiso de escuchar y construir acuerdos institucionales en beneficio de la UAEM\u00e9x.<\/p>\n\n\n\n<p>La actual administraci\u00f3n universitaria enfrenta desaf\u00edos relevantes: garantizar la gobernabilidad acad\u00e9mica, impulsar la inclusi\u00f3n, fortalecer la calidad educativa y abrir espacios efectivos de di\u00e1logo con el alumnado. En este contexto, la doctora Patricia Zarza representa una oportunidad para consolidar una universidad m\u00e1s equitativa y participativa.<\/p>\n\n\n\n<p>Con su nombramiento, la UAEM\u00e9x inicia una nueva etapa en la que por primera vez, una mujer lidera la transformaci\u00f3n de la instituci\u00f3n m\u00e1s importante de educaci\u00f3n superior en el Estado de M\u00e9xico.<\/p>\n","protected":false},"excerpt":{"rendered":"<p>Toluca, Estado de M\u00e9xico Con una trayectoria acad\u00e9mica s\u00f3lida y una visi\u00f3n centrada en el di\u00e1logo, la doctora Martha Patricia Zarza Delgado fue designada como rectora de la Universidad Aut\u00f3noma del Estado de M\u00e9xico (UAEM\u00e9x) para el periodo 2025-2029, convirti\u00e9ndose en la primera mujer en ocupar este cargo en casi 200 a\u00f1os de historia de<a class=\"read-more\" href=\"https:\/\/globalnewsmexico.com\/sitio\/martha-patricia-zarza-delgado-primera-mujer-rectora-en-la-historia-de-la-uaemex\/\">Leer m\u00e1s<\/a><\/p>\n","protected":false},"author":13,"featured_media":69455,"comment_status":"closed","ping_status":"open","sticky":false,"template":"","format":"standard","meta":{"spay_email":"","footnotes":""},"categories":[208],"tags":[211,209],"jetpack_featured_media_url":"https:\/\/i1.wp.com\/globalnewsmexico.com\/sitio\/wp-content\/uploads\/2025\/07\/Plantillas-Noticias-Global-1.png?fit=1080%2C1350&ssl=1","jetpack_sharing_enabled":true,"jetpack_shortlink":"https:\/\/wp.me\/p9yqPL-i4e","jetpack_likes_enabled":true,"_links":{"self":[{"href":"https:\/\/globalnewsmexico.com\/sitio\/wp-json\/wp\/v2\/posts\/69454"}],"collection":[{"href":"https:\/\/globalnewsmexico.com\/sitio\/wp-json\/wp\/v2\/posts"}],"about":[{"href":"https:\/\/globalnewsmexico.com\/sitio\/wp-json\/wp\/v2\/types\/post"}],"author":[{"embeddable":true,"href":"https:\/\/globalnewsmexico.com\/sitio\/wp-json\/wp\/v2\/users\/13"}],"replies":[{"embeddable":true,"href":"https:\/\/globalnewsmexico.com\/sitio\/wp-json\/wp\/v2\/comments?post=69454"}],"version-history":[{"count":0,"href":"https:\/\/globalnewsmexico.com\/sitio\/wp-json\/wp\/v2\/posts\/69454\/revisions"}],"wp:featuredmedia":[{"embeddable":true,"href":"https:\/\/globalnewsmexico.com\/sitio\/wp-json\/wp\/v2\/media\/69455"}],"wp:attachment":[{"href":"https:\/\/globalnewsmexico.com\/sitio\/wp-json\/wp\/v2\/media?parent=69454"}],"wp:term":[{"taxonomy":"category","embeddable":true,"href":"https:\/\/globalnewsmexico.com\/sitio\/wp-json\/wp\/v2\/categories?post=69454"},{"taxonomy":"post_tag","embeddable":true,"href":"https:\/\/globalnewsmexico.com\/sitio\/wp-json\/wp\/v2\/tags?post=69454"}],"curies":[{"name":"wp","href":"https:\/\/api.w.org\/{rel}","templated":true}]}}