{"id":69465,"date":"2025-07-30T17:21:22","date_gmt":"2025-07-30T22:21:22","guid":{"rendered":"https:\/\/globalnewsmexico.com\/sitio\/?p=69465"},"modified":"2025-07-30T17:21:23","modified_gmt":"2025-07-30T22:21:23","slug":"nuevos-docentes-egresan-de-la-escuela-normal-de-tenancingo-vocacion-al-servicio-de-la-educacion","status":"publish","type":"post","link":"https:\/\/globalnewsmexico.com\/sitio\/nuevos-docentes-egresan-de-la-escuela-normal-de-tenancingo-vocacion-al-servicio-de-la-educacion\/","title":{"rendered":"Nuevos docentes egresan de la Escuela Normal de Tenancingo: vocaci\u00f3n al servicio de la educaci\u00f3n"},"content":{"rendered":"\n<h3 class=\"wp-block-heading\"><strong><em>Tenancingo, Estado de M\u00e9xico<\/em><\/strong><\/h3>\n\n\n\n<p>En un emotivo acto acad\u00e9mico, la Escuela Normal de Tenancingo celebr\u00f3 la ceremonia de egreso de la generaci\u00f3n 2021-2025, conformada por futuras y futuros docentes comprometidos con la formaci\u00f3n educativa en M\u00e9xico. El evento cont\u00f3 con la presencia de autoridades educativas estatales, directivos, docentes y familiares de los graduados, quienes reconocieron el esfuerzo, la constancia y la vocaci\u00f3n de servicio de los egresados.<\/p>\n\n\n\n<p>Durante la ceremonia, la representaci\u00f3n de la Subdirecci\u00f3n Regional de Educaci\u00f3n B\u00e1sica en Metepec (SREBMetepec) destac\u00f3 la importancia del magisterio como pilar fundamental para el desarrollo del pa\u00eds. Asimismo, se hizo \u00e9nfasis en el papel de las Escuelas Normales como espacios de formaci\u00f3n profesional, \u00e9tica y pedag\u00f3gica, que fortalecen el sistema educativo nacional desde sus bases.<\/p>\n\n\n\n<p>Los egresados concluyen su preparaci\u00f3n acad\u00e9mica en un contexto de renovaci\u00f3n educativa, en el que se promueven enfoques incluyentes, interculturales y centrados en el bienestar integral del estudiantado. La generaci\u00f3n 2021-2025 se suma al compromiso por impulsar una educaci\u00f3n p\u00fablica de calidad, con enfoque humanista y con profundo arraigo en las comunidades.<\/p>\n\n\n\n<p>Autoridades presentes alentaron a las y los nuevos docentes a ejercer su profesi\u00f3n con responsabilidad, empat\u00eda y sentido cr\u00edtico, reconociendo los desaf\u00edos del presente y las oportunidades de transformar positivamente las realidades escolares.<\/p>\n\n\n\n<p>La Escuela Normal de Tenancingo contin\u00faa consolid\u00e1ndose como un referente en la formaci\u00f3n de profesionales de la educaci\u00f3n en el sur del Estado de M\u00e9xico, y su comunidad acad\u00e9mica refrend\u00f3 su compromiso con el fortalecimiento de una educaci\u00f3n m\u00e1s justa, equitativa y transformadora.<\/p>\n","protected":false},"excerpt":{"rendered":"<p>Tenancingo, Estado de M\u00e9xico En un emotivo acto acad\u00e9mico, la Escuela Normal de Tenancingo celebr\u00f3 la ceremonia de egreso de la generaci\u00f3n 2021-2025, conformada por futuras y futuros docentes comprometidos con la formaci\u00f3n educativa en M\u00e9xico. El evento cont\u00f3 con la presencia de autoridades educativas estatales, directivos, docentes y familiares de los graduados, quienes reconocieron<a class=\"read-more\" href=\"https:\/\/globalnewsmexico.com\/sitio\/nuevos-docentes-egresan-de-la-escuela-normal-de-tenancingo-vocacion-al-servicio-de-la-educacion\/\">Leer m\u00e1s<\/a><\/p>\n","protected":false},"author":13,"featured_media":69466,"comment_status":"closed","ping_status":"open","sticky":false,"template":"","format":"standard","meta":{"spay_email":"","footnotes":""},"categories":[208],"tags":[211],"jetpack_featured_media_url":"https:\/\/i2.wp.com\/globalnewsmexico.com\/sitio\/wp-content\/uploads\/2025\/07\/GLOBAL-PLANTILLAS-15-1.png?fit=940%2C788&ssl=1","jetpack_sharing_enabled":true,"jetpack_shortlink":"https:\/\/wp.me\/p9yqPL-i4p","jetpack_likes_enabled":true,"_links":{"self":[{"href":"https:\/\/globalnewsmexico.com\/sitio\/wp-json\/wp\/v2\/posts\/69465"}],"collection":[{"href":"https:\/\/globalnewsmexico.com\/sitio\/wp-json\/wp\/v2\/posts"}],"about":[{"href":"https:\/\/globalnewsmexico.com\/sitio\/wp-json\/wp\/v2\/types\/post"}],"author":[{"embeddable":true,"href":"https:\/\/globalnewsmexico.com\/sitio\/wp-json\/wp\/v2\/users\/13"}],"replies":[{"embeddable":true,"href":"https:\/\/globalnewsmexico.com\/sitio\/wp-json\/wp\/v2\/comments?post=69465"}],"version-history":[{"count":0,"href":"https:\/\/globalnewsmexico.com\/sitio\/wp-json\/wp\/v2\/posts\/69465\/revisions"}],"wp:featuredmedia":[{"embeddable":true,"href":"https:\/\/globalnewsmexico.com\/sitio\/wp-json\/wp\/v2\/media\/69466"}],"wp:attachment":[{"href":"https:\/\/globalnewsmexico.com\/sitio\/wp-json\/wp\/v2\/media?parent=69465"}],"wp:term":[{"taxonomy":"category","embeddable":true,"href":"https:\/\/globalnewsmexico.com\/sitio\/wp-json\/wp\/v2\/categories?post=69465"},{"taxonomy":"post_tag","embeddable":true,"href":"https:\/\/globalnewsmexico.com\/sitio\/wp-json\/wp\/v2\/tags?post=69465"}],"curies":[{"name":"wp","href":"https:\/\/api.w.org\/{rel}","templated":true}]}}