{"id":69471,"date":"2025-07-31T17:26:28","date_gmt":"2025-07-31T22:26:28","guid":{"rendered":"https:\/\/globalnewsmexico.com\/sitio\/?p=69471"},"modified":"2025-07-31T17:26:28","modified_gmt":"2025-07-31T22:26:28","slug":"hecho-en-edomex-primera-motocicleta-electrica-disenada-por-estudiantes-del-tesjo-ya-esta-a-la-venta","status":"publish","type":"post","link":"https:\/\/globalnewsmexico.com\/sitio\/hecho-en-edomex-primera-motocicleta-electrica-disenada-por-estudiantes-del-tesjo-ya-esta-a-la-venta\/","title":{"rendered":"Hecho en Edomex: primera motocicleta el\u00e9ctrica, dise\u00f1ada por estudiantes del TESJo, ya est\u00e1 a la venta"},"content":{"rendered":"\n<p><em>Jocotitl\u00e1n, Estado de M\u00e9xico<\/em><\/p>\n\n\n\n<p>Un grupo de <strong>22 estudiantes<\/strong> de ingenier\u00eda del Tecnol\u00f3gico de Estudios Superiores de Jocotitl\u00e1n (TESJo) desarroll\u00f3 la primera <strong>motocicleta el\u00e9ctrica 100\u202f% mexiquense<\/strong>, que ya se comercializa en el mercado nacional.<\/p>\n\n\n\n<p>El proyecto, iniciado hace dos a\u00f1os en alianza con la empresa <strong>IUSA<\/strong>, involucr\u00f3 tambi\u00e9n a <strong>ocho docentes<\/strong>, y se concentr\u00f3 en tres \u00e1reas acad\u00e9micas clave: Ingenier\u00eda Electromec\u00e1nica, Mecatr\u00f3nica y Sistemas Computacionales. Bajo la direcci\u00f3n del profesor <strong>Luis Antonio Mier Quiroga<\/strong>, se logr\u00f3 pasar del prototipo al modelo comercializable.<\/p>\n\n\n\n<p>Los estudiantes desempe\u00f1aron funciones especializadas:<\/p>\n\n\n\n<ul>\n<li><strong>Danna Paola Becerril Roque<\/strong> optimiz\u00f3 la estructura del chasis;<\/li>\n\n\n\n<li><strong>Rub\u00e9n \u00c1ngel Gonz\u00e1lez Huitr\u00f3n<\/strong> particip\u00f3 en el modelado 3D y soldadura;<\/li>\n\n\n\n<li><strong>Marco David Serrano S\u00e1nchez<\/strong> dise\u00f1\u00f3 el sistema de bater\u00eda y cargador <\/li>\n<\/ul>\n\n\n\n<p>La motocicleta destaca por ser ligera, eficiente, de bajo costo y amigable con el medio ambiente. Su estructura est\u00e1 fabricada con materiales reciclables y cuenta con una bater\u00eda de alto rendimiento, lo que la convierte en una opci\u00f3n viable para la electromovilidad urbana<\/p>\n\n\n\n<p>Este logro posiciona al TESJo como referente en innovaci\u00f3n tecnol\u00f3gica dentro del Edomex. La instituci\u00f3n cuenta con m\u00e1s de <strong>5 mil estudiantes<\/strong>, ofrece <strong>12 programas acreditados<\/strong> (tres de ellos con certificaci\u00f3n internacional) y ya trabaja en la apertura de la nueva carrera de <strong>Ingenier\u00eda en Electromovilidad<\/strong>, cuyo plan curricular est\u00e1 siendo dise\u00f1ado por un comit\u00e9 de 20 expertos<\/p>\n\n\n\n<p>Esta motocicleta el\u00e9ctrica ya est\u00e1 disponible en el mercado. Su lanzamiento refleja el potencial de vinculaci\u00f3n entre la educaci\u00f3n superior, el sector industrial y el impulso de soluciones sostenibles por y para el talento mexiquense.<\/p>\n","protected":false},"excerpt":{"rendered":"<p>Jocotitl\u00e1n, Estado de M\u00e9xico Un grupo de 22 estudiantes de ingenier\u00eda del Tecnol\u00f3gico de Estudios Superiores de Jocotitl\u00e1n (TESJo) desarroll\u00f3 la primera motocicleta el\u00e9ctrica 100\u202f% mexiquense, que ya se comercializa en el mercado nacional. El proyecto, iniciado hace dos a\u00f1os en alianza con la empresa IUSA, involucr\u00f3 tambi\u00e9n a ocho docentes, y se concentr\u00f3 en<a class=\"read-more\" href=\"https:\/\/globalnewsmexico.com\/sitio\/hecho-en-edomex-primera-motocicleta-electrica-disenada-por-estudiantes-del-tesjo-ya-esta-a-la-venta\/\">Leer m\u00e1s<\/a><\/p>\n","protected":false},"author":13,"featured_media":69472,"comment_status":"closed","ping_status":"open","sticky":false,"template":"","format":"standard","meta":{"spay_email":"","footnotes":""},"categories":[208],"tags":[211],"jetpack_featured_media_url":"https:\/\/i2.wp.com\/globalnewsmexico.com\/sitio\/wp-content\/uploads\/2025\/07\/GLOBAL-PLANTILLAS-35-2.png?fit=940%2C788&ssl=1","jetpack_sharing_enabled":true,"jetpack_shortlink":"https:\/\/wp.me\/p9yqPL-i4v","jetpack_likes_enabled":true,"_links":{"self":[{"href":"https:\/\/globalnewsmexico.com\/sitio\/wp-json\/wp\/v2\/posts\/69471"}],"collection":[{"href":"https:\/\/globalnewsmexico.com\/sitio\/wp-json\/wp\/v2\/posts"}],"about":[{"href":"https:\/\/globalnewsmexico.com\/sitio\/wp-json\/wp\/v2\/types\/post"}],"author":[{"embeddable":true,"href":"https:\/\/globalnewsmexico.com\/sitio\/wp-json\/wp\/v2\/users\/13"}],"replies":[{"embeddable":true,"href":"https:\/\/globalnewsmexico.com\/sitio\/wp-json\/wp\/v2\/comments?post=69471"}],"version-history":[{"count":0,"href":"https:\/\/globalnewsmexico.com\/sitio\/wp-json\/wp\/v2\/posts\/69471\/revisions"}],"wp:featuredmedia":[{"embeddable":true,"href":"https:\/\/globalnewsmexico.com\/sitio\/wp-json\/wp\/v2\/media\/69472"}],"wp:attachment":[{"href":"https:\/\/globalnewsmexico.com\/sitio\/wp-json\/wp\/v2\/media?parent=69471"}],"wp:term":[{"taxonomy":"category","embeddable":true,"href":"https:\/\/globalnewsmexico.com\/sitio\/wp-json\/wp\/v2\/categories?post=69471"},{"taxonomy":"post_tag","embeddable":true,"href":"https:\/\/globalnewsmexico.com\/sitio\/wp-json\/wp\/v2\/tags?post=69471"}],"curies":[{"name":"wp","href":"https:\/\/api.w.org\/{rel}","templated":true}]}}