{"id":69473,"date":"2025-07-31T17:47:30","date_gmt":"2025-07-31T22:47:30","guid":{"rendered":"https:\/\/globalnewsmexico.com\/sitio\/?p=69473"},"modified":"2025-07-31T17:47:34","modified_gmt":"2025-07-31T22:47:34","slug":"caravanas-por-la-justicia-social-brindan-servicios-gratuitos-en-jiquipilco-temascalcingo-y-cocotitlan","status":"publish","type":"post","link":"https:\/\/globalnewsmexico.com\/sitio\/caravanas-por-la-justicia-social-brindan-servicios-gratuitos-en-jiquipilco-temascalcingo-y-cocotitlan\/","title":{"rendered":"Caravanas por la Justicia Social brindan servicios gratuitos en Jiquipilco, Temascalcingo y Cocotitl\u00e1n"},"content":{"rendered":"\n<p><em>Estado de M\u00e9xico<\/em><\/p>\n\n\n\n<p>Con el objetivo de acercar la justicia a comunidades de dif\u00edcil acceso, las Caravanas Itinerantes por la Justicia Social llegaron de forma simult\u00e1nea a los municipios de <strong>Jiquipilco<\/strong>, <strong>Temascalcingo<\/strong> y <strong>Cocotitl\u00e1n<\/strong>, ofreciendo atenci\u00f3n jur\u00eddica gratuita o de bajo costo a la poblaci\u00f3n.<\/p>\n\n\n\n<p>Durante estas jornadas, la ciudadan\u00eda puede acceder a m\u00e1s de <strong>125 tr\u00e1mites y servicios<\/strong>, entre ellos <strong>asesor\u00edas legales<\/strong>, <strong>servicios de mediaci\u00f3n<\/strong>, <strong>testamentos<\/strong>, <strong>actas del Registro Civil<\/strong>, <strong>orientaci\u00f3n en materia penal y civil<\/strong>, as\u00ed como otros apoyos institucionales relacionados con el acceso a la justicia.<\/p>\n\n\n\n<p>Estas acciones forman parte de una estrategia estatal para garantizar que los servicios jur\u00eddicos lleguen a zonas alejadas o marginadas, promoviendo la inclusi\u00f3n, la equidad y el respeto a los derechos humanos.<\/p>\n\n\n\n<p>Las Caravanas por la Justicia Social han recorrido m\u00faltiples municipios del Estado de M\u00e9xico, consolid\u00e1ndose como una herramienta de vinculaci\u00f3n directa entre el gobierno y la ciudadan\u00eda, especialmente en regiones donde el acceso a servicios legales resulta limitado.<\/p>\n","protected":false},"excerpt":{"rendered":"<p>Estado de M\u00e9xico Con el objetivo de acercar la justicia a comunidades de dif\u00edcil acceso, las Caravanas Itinerantes por la Justicia Social llegaron de forma simult\u00e1nea a los municipios de Jiquipilco, Temascalcingo y Cocotitl\u00e1n, ofreciendo atenci\u00f3n jur\u00eddica gratuita o de bajo costo a la poblaci\u00f3n. Durante estas jornadas, la ciudadan\u00eda puede acceder a m\u00e1s de<a class=\"read-more\" href=\"https:\/\/globalnewsmexico.com\/sitio\/caravanas-por-la-justicia-social-brindan-servicios-gratuitos-en-jiquipilco-temascalcingo-y-cocotitlan\/\">Leer m\u00e1s<\/a><\/p>\n","protected":false},"author":13,"featured_media":69474,"comment_status":"closed","ping_status":"open","sticky":false,"template":"","format":"standard","meta":{"spay_email":"","footnotes":""},"categories":[208],"tags":[211],"jetpack_featured_media_url":"https:\/\/i2.wp.com\/globalnewsmexico.com\/sitio\/wp-content\/uploads\/2025\/07\/GLOBAL-PLANTILLAS-36-2.png?fit=940%2C788&ssl=1","jetpack_sharing_enabled":true,"jetpack_shortlink":"https:\/\/wp.me\/p9yqPL-i4x","jetpack_likes_enabled":true,"_links":{"self":[{"href":"https:\/\/globalnewsmexico.com\/sitio\/wp-json\/wp\/v2\/posts\/69473"}],"collection":[{"href":"https:\/\/globalnewsmexico.com\/sitio\/wp-json\/wp\/v2\/posts"}],"about":[{"href":"https:\/\/globalnewsmexico.com\/sitio\/wp-json\/wp\/v2\/types\/post"}],"author":[{"embeddable":true,"href":"https:\/\/globalnewsmexico.com\/sitio\/wp-json\/wp\/v2\/users\/13"}],"replies":[{"embeddable":true,"href":"https:\/\/globalnewsmexico.com\/sitio\/wp-json\/wp\/v2\/comments?post=69473"}],"version-history":[{"count":0,"href":"https:\/\/globalnewsmexico.com\/sitio\/wp-json\/wp\/v2\/posts\/69473\/revisions"}],"wp:featuredmedia":[{"embeddable":true,"href":"https:\/\/globalnewsmexico.com\/sitio\/wp-json\/wp\/v2\/media\/69474"}],"wp:attachment":[{"href":"https:\/\/globalnewsmexico.com\/sitio\/wp-json\/wp\/v2\/media?parent=69473"}],"wp:term":[{"taxonomy":"category","embeddable":true,"href":"https:\/\/globalnewsmexico.com\/sitio\/wp-json\/wp\/v2\/categories?post=69473"},{"taxonomy":"post_tag","embeddable":true,"href":"https:\/\/globalnewsmexico.com\/sitio\/wp-json\/wp\/v2\/tags?post=69473"}],"curies":[{"name":"wp","href":"https:\/\/api.w.org\/{rel}","templated":true}]}}