{"id":69493,"date":"2025-08-15T18:14:58","date_gmt":"2025-08-15T23:14:58","guid":{"rendered":"https:\/\/globalnewsmexico.com\/sitio\/?p=69493"},"modified":"2025-08-15T18:14:59","modified_gmt":"2025-08-15T23:14:59","slug":"verano-creativo-en-el-ccmb-fin-de-semana-para-todas-las-edades-que-celebra-el-arte-en-texcoco","status":"publish","type":"post","link":"https:\/\/globalnewsmexico.com\/sitio\/verano-creativo-en-el-ccmb-fin-de-semana-para-todas-las-edades-que-celebra-el-arte-en-texcoco\/","title":{"rendered":"Verano Creativo en el CCMB: fin de semana para todas las edades que celebra el arte en Texcoco"},"content":{"rendered":"\n<p><strong>Toluca, Estado de M\u00e9xico<\/strong> El Centro Cultural Mexiquense Bicentenario (CCMB) en Texcoco abre sus puertas este fin de semana del 16 y 17 de agosto para ofrecer una experiencia cultural gratuita y diversa, ideal para el disfrute familiar. En solo un primer vistazo, esta programaci\u00f3n impacta por su variedad y calidad: danza, teatro, cine, m\u00fasica, comedia musical y talleres creativos.<\/p>\n\n\n\n<p>El CCMB, un complejo multidisciplinario ubicado en el municipio de Texcoco, cuenta con instalaciones de primer nivel como la Sala de Conciertos \u201cElisa Carrillo\u201d, el auditorio \u201cDr. Miguel Le\u00f3n Portilla\u201d, teatro al aire libre, biblioteca, \u00e1reas de talleres, mirador con vista a los volcanes y \u00e1reas verdes con espejos de agua. Es reconocido como espacio emblem\u00e1tico que integra las artes, cultura, deporte y naturaleza en una sola experiencia.<\/p>\n\n\n\n<p>El fin de semana cultural inicia con expresiones art\u00edsticas como ballet contempor\u00e1neo de NGOD y una Clase Magistral de coreograf\u00eda para reinventar la memoria, que transporta al p\u00fablico a nuevas formas de expresi\u00f3n corporal. Tambi\u00e9n se ofrecer\u00e1 el Taller de Teatro desde Cero, ideal para quienes desean adentrarse en la actuaci\u00f3n, as\u00ed como presentaciones de cine, percusi\u00f3n y comedia musical. Destaca tambi\u00e9n el taller intergeneracional \u201cRecuerdos que abrazan\u201d, en el que abuelitos y nietos compartir\u00e1n momentos creativos elaborando macetas y manualidades con afecto y memoria.<\/p>\n\n\n\n<p>Todas las actividades han sido organizadas por la Secretar\u00eda de Cultura y Turismo del Estado de M\u00e9xico, reafirmando su compromiso de democratizar el acceso al arte y consolidar el CCMB como un espacio de convivencia, identidad y creatividad para todos los mexiquenses.<\/p>\n\n\n\n<p><strong>Cierre<\/strong><br>Este \u201cVerano Creativo\u201d no solo invita a vivir el arte desde m\u00faltiples perspectivas, sino tambi\u00e9n a fortalecer los lazos comunitarios y culturales en un entorno accesible y gratuito. Un fin de semana para acercarse a las artes, disfrutar y construir juntos memorias que trascienden generaciones.<\/p>\n","protected":false},"excerpt":{"rendered":"<p>Toluca, Estado de M\u00e9xico El Centro Cultural Mexiquense Bicentenario (CCMB) en Texcoco abre sus puertas este fin de semana del 16 y 17 de agosto para ofrecer una experiencia cultural gratuita y diversa, ideal para el disfrute familiar. En solo un primer vistazo, esta programaci\u00f3n impacta por su variedad y calidad: danza, teatro, cine, m\u00fasica,<a class=\"read-more\" href=\"https:\/\/globalnewsmexico.com\/sitio\/verano-creativo-en-el-ccmb-fin-de-semana-para-todas-las-edades-que-celebra-el-arte-en-texcoco\/\">Leer m\u00e1s<\/a><\/p>\n","protected":false},"author":12,"featured_media":69494,"comment_status":"closed","ping_status":"open","sticky":false,"template":"","format":"standard","meta":{"spay_email":"","footnotes":""},"categories":[208],"tags":[],"jetpack_featured_media_url":"https:\/\/i1.wp.com\/globalnewsmexico.com\/sitio\/wp-content\/uploads\/2025\/08\/Diseno-sin-titulo-6.jpg?fit=1920%2C1080&ssl=1","jetpack_sharing_enabled":true,"jetpack_shortlink":"https:\/\/wp.me\/p9yqPL-i4R","jetpack_likes_enabled":true,"_links":{"self":[{"href":"https:\/\/globalnewsmexico.com\/sitio\/wp-json\/wp\/v2\/posts\/69493"}],"collection":[{"href":"https:\/\/globalnewsmexico.com\/sitio\/wp-json\/wp\/v2\/posts"}],"about":[{"href":"https:\/\/globalnewsmexico.com\/sitio\/wp-json\/wp\/v2\/types\/post"}],"author":[{"embeddable":true,"href":"https:\/\/globalnewsmexico.com\/sitio\/wp-json\/wp\/v2\/users\/12"}],"replies":[{"embeddable":true,"href":"https:\/\/globalnewsmexico.com\/sitio\/wp-json\/wp\/v2\/comments?post=69493"}],"version-history":[{"count":0,"href":"https:\/\/globalnewsmexico.com\/sitio\/wp-json\/wp\/v2\/posts\/69493\/revisions"}],"wp:featuredmedia":[{"embeddable":true,"href":"https:\/\/globalnewsmexico.com\/sitio\/wp-json\/wp\/v2\/media\/69494"}],"wp:attachment":[{"href":"https:\/\/globalnewsmexico.com\/sitio\/wp-json\/wp\/v2\/media?parent=69493"}],"wp:term":[{"taxonomy":"category","embeddable":true,"href":"https:\/\/globalnewsmexico.com\/sitio\/wp-json\/wp\/v2\/categories?post=69493"},{"taxonomy":"post_tag","embeddable":true,"href":"https:\/\/globalnewsmexico.com\/sitio\/wp-json\/wp\/v2\/tags?post=69493"}],"curies":[{"name":"wp","href":"https:\/\/api.w.org\/{rel}","templated":true}]}}