{"id":69522,"date":"2025-08-05T16:14:49","date_gmt":"2025-08-05T21:14:49","guid":{"rendered":"https:\/\/globalnewsmexico.com\/sitio\/?p=69522"},"modified":"2025-08-22T16:19:46","modified_gmt":"2025-08-22T21:19:46","slug":"estrena-edomex-autobuses-electricos-en-la-linea-iv-del-mexibus-conectan-tecamac-con-metro-la-raza","status":"publish","type":"post","link":"https:\/\/globalnewsmexico.com\/sitio\/estrena-edomex-autobuses-electricos-en-la-linea-iv-del-mexibus-conectan-tecamac-con-metro-la-raza\/","title":{"rendered":"Estrena EdoM\u00e9x autobuses el\u00e9ctricos en la L\u00ednea IV del Mexib\u00fas; conectan Tec\u00e1mac con Metro La Raza"},"content":{"rendered":"\n<p>\u2022 Son 10 unidades articuladas de 18 metros de longitud se suman al parque vehicular existente, alcanzando un total de 74 autobuses en operaci\u00f3n.<br>\u2022 Con esta incorporaci\u00f3n, m\u00e1s de 82 mil habitantes de Tec\u00e1mac, Ecatepec y Tlalnepantla tendr\u00e1n un servicio m\u00e1s \u00e1gil, moderno y sustentable.<\/p>\n\n\n\n<p>TEC\u00c1MAC, Estado de M\u00e9xico. \u2014 El Gobierno de la Maestra Delfina G\u00f3mez \u00c1lvarez, puso en marcha 10 autobuses 100 por ciento el\u00e9ctricos en la L\u00ednea IV del Mexib\u00fas, que conecta la Universidad Mexiquense del Bicentenario, en Tec\u00e1mac, con la estaci\u00f3n del Metro La Raza en la Ciudad de M\u00e9xico.<\/p>\n\n\n\n<p>Las nuevas unidades, articuladas de 18 metros y con capacidad para 38 pasajeros sentados y hasta 160 en total, se suman al parque vehicular existente para alcanzar 74 autobuses en operaci\u00f3n a lo largo de 33.65 kil\u00f3metros.<\/p>\n\n\n\n<p>La Secretar\u00eda de Movilidad estatal, a cargo de Daniel Sibaja Gonz\u00e1lez, se\u00f1al\u00f3 que con esta incorporaci\u00f3n, m\u00e1s de 82 mil habitantes de Tec\u00e1mac, Ecatepec y Tlalnepantla tendr\u00e1n un servicio m\u00e1s \u00e1gil, moderno y sustentable, reduciendo la emisi\u00f3n de gases contaminantes y mejorando la experiencia de viaje.<\/p>\n\n\n\n<p>Caracter\u00edsticas de las nuevas unidades el\u00e9ctricas:<\/p>\n\n\n\n<p>\u2022 Cero emisiones contaminantes, operadas con energ\u00eda el\u00e9ctrica.<br>\u2022 Autonom\u00eda de hasta 350 km por carga.<br>\u2022 Dise\u00f1o moderno con tecnolog\u00eda de vanguardia.<br>\u2022 Accesibilidad universal para personas con discapacidad.<br>\u2022 Carga USB para usuarios.<br>\u2022 Iluminaci\u00f3n LED.<\/p>\n\n\n\n<p>La inversi\u00f3n por 180 millones de pesos incluye las unidades y los sistemas de recarga el\u00e9ctrica.<\/p>\n\n\n\n<p>Con estas acciones el Gobierno del Estado de M\u00e9xico impulsa la transformaci\u00f3n de la movilidad con justicia social, ofreciendo transporte moderno, digno y eficiente a comunidades que por d\u00e9cadas han sido relegadas.<\/p>\n","protected":false},"excerpt":{"rendered":"<p>\u2022 Son 10 unidades articuladas de 18 metros de longitud se suman al parque vehicular existente, alcanzando un total de 74 autobuses en operaci\u00f3n.\u2022 Con esta incorporaci\u00f3n, m\u00e1s de 82 mil habitantes de Tec\u00e1mac, Ecatepec y Tlalnepantla tendr\u00e1n un servicio m\u00e1s \u00e1gil, moderno y sustentable. TEC\u00c1MAC, Estado de M\u00e9xico. \u2014 El Gobierno de la Maestra<a class=\"read-more\" href=\"https:\/\/globalnewsmexico.com\/sitio\/estrena-edomex-autobuses-electricos-en-la-linea-iv-del-mexibus-conectan-tecamac-con-metro-la-raza\/\">Leer m\u00e1s<\/a><\/p>\n","protected":false},"author":13,"featured_media":69523,"comment_status":"closed","ping_status":"open","sticky":false,"template":"","format":"standard","meta":{"spay_email":"","footnotes":""},"categories":[208],"tags":[266,211,214,268,269,267,209],"jetpack_featured_media_url":"https:\/\/i2.wp.com\/globalnewsmexico.com\/sitio\/wp-content\/uploads\/2025\/08\/Diseno-sin-titulo-5-1.jpg?fit=1920%2C1080&ssl=1","jetpack_sharing_enabled":true,"jetpack_shortlink":"https:\/\/wp.me\/p9yqPL-i5k","jetpack_likes_enabled":true,"_links":{"self":[{"href":"https:\/\/globalnewsmexico.com\/sitio\/wp-json\/wp\/v2\/posts\/69522"}],"collection":[{"href":"https:\/\/globalnewsmexico.com\/sitio\/wp-json\/wp\/v2\/posts"}],"about":[{"href":"https:\/\/globalnewsmexico.com\/sitio\/wp-json\/wp\/v2\/types\/post"}],"author":[{"embeddable":true,"href":"https:\/\/globalnewsmexico.com\/sitio\/wp-json\/wp\/v2\/users\/13"}],"replies":[{"embeddable":true,"href":"https:\/\/globalnewsmexico.com\/sitio\/wp-json\/wp\/v2\/comments?post=69522"}],"version-history":[{"count":0,"href":"https:\/\/globalnewsmexico.com\/sitio\/wp-json\/wp\/v2\/posts\/69522\/revisions"}],"wp:featuredmedia":[{"embeddable":true,"href":"https:\/\/globalnewsmexico.com\/sitio\/wp-json\/wp\/v2\/media\/69523"}],"wp:attachment":[{"href":"https:\/\/globalnewsmexico.com\/sitio\/wp-json\/wp\/v2\/media?parent=69522"}],"wp:term":[{"taxonomy":"category","embeddable":true,"href":"https:\/\/globalnewsmexico.com\/sitio\/wp-json\/wp\/v2\/categories?post=69522"},{"taxonomy":"post_tag","embeddable":true,"href":"https:\/\/globalnewsmexico.com\/sitio\/wp-json\/wp\/v2\/tags?post=69522"}],"curies":[{"name":"wp","href":"https:\/\/api.w.org\/{rel}","templated":true}]}}