{"id":69529,"date":"2025-08-09T16:10:00","date_gmt":"2025-08-09T21:10:00","guid":{"rendered":"https:\/\/globalnewsmexico.com\/sitio\/?p=69529"},"modified":"2025-08-22T20:29:09","modified_gmt":"2025-08-23T01:29:09","slug":"reconoce-gobierno-del-edomex-liderazgo-de-pueblos-originarios-en-proteccion-de-los-bosques-y-el-agua","status":"publish","type":"post","link":"https:\/\/globalnewsmexico.com\/sitio\/reconoce-gobierno-del-edomex-liderazgo-de-pueblos-originarios-en-proteccion-de-los-bosques-y-el-agua\/","title":{"rendered":"Reconoce Gobierno del EdoM\u00e9x liderazgo de pueblos originarios en protecci\u00f3n de los bosques y el agua"},"content":{"rendered":"\n<p>\u2022 Realiza foro con la asistencia de integrantes de las culturas mazahua, otom\u00ed, nahua, tlahuica y matlatzinca.<br>\u2022 Cincuenta expositores presentan muestra gastron\u00f3mica, artesanal y cultural en la Expo Forestal Ind\u00edgena 2025.<\/p>\n\n\n\n<p>METEPEC, Estado de M\u00e9xico. \u2013 Con la finalidad de reconocer el papel fundamental de los pueblos originarios en el cuidado los bosques, el agua y la biodiversidad, el Gobierno del Estado de M\u00e9xico llev\u00f3 a cabo un foro y una muestra gastron\u00f3mica, artesanal y cultural con la participaci\u00f3n de integrantes de las cinco etnias de la entidad.<\/p>\n\n\n\n<p>Estas actividades se realizaron en el marco del D\u00eda Internacional de los Pueblos Ind\u00edgenas, a trav\u00e9s de la Protectora de Bosques del Estado de M\u00e9xico (Probosque), en coordinaci\u00f3n con la Secretar\u00eda del Agua (Sagua), la Comisi\u00f3n Estatal de Parques Naturales y de la Fauna (Cepanaf) y el Consejo Supremo por la Unificaci\u00f3n de los Pueblos Ind\u00edgenas del Estado de M\u00e9xico.<\/p>\n\n\n\n<p>Durante el foro \u201cBosques, Aguas y Pueblos Originarios del Estado de M\u00e9xico: Saberes y Retos\u201d, se presentaron tres conferencias magistrales sobre los derechos y obligaciones de los pueblos originarios; justicia intercultural y manejo del bosque; as\u00ed como el valor intr\u00ednseco del conocimiento forestal tradicional.<\/p>\n\n\n\n<p>Alejandro Santiago S\u00e1nchez V\u00e9lez, Director General de Probosque, subray\u00f3 que el conocimiento ecol\u00f3gico tradicional re\u00fane saberes, percepciones y t\u00e9cnicas que permiten vivir en armon\u00eda con el entorno. Afirm\u00f3 que estos conocimientos, transmitidos de generaci\u00f3n en generaci\u00f3n, son esenciales para la continuidad cultural de un pueblo y para la ciencia.<\/p>\n\n\n\n<p>En el marco de este evento tambi\u00e9n se llev\u00f3 a cabo la Expo Forestal Ind\u00edgena 2025, con m\u00e1s de cincuenta expositores de diversos municipios mexiquenses que ofrecieron alimentos y artesan\u00edas representativos de sus lugares de origen; adem\u00e1s, se present\u00f3 el coro infantil \u00d1hato Nth\u0113kunthe del municipio de Temoaya.<\/p>\n\n\n\n<p>Durante este evento, realizado en el municipio de Metepec, Jos\u00e9 Arnulfo Silva Adaya, titular de la Secretar\u00eda del Agua (Sagua), dio lectura a las conclusiones y al Manifiesto sobre los Derechos y Obligaciones de los Pueblos Ind\u00edgenas en torno a sus Bosques y Aguas, y reiter\u00f3 que no se puede proteger el medio ambiente sin la sabidur\u00eda, la participaci\u00f3n y el liderazgo de las comunidades ind\u00edgenas.<\/p>\n\n\n\n<p>Asistieron tambi\u00e9n Alma Diana Tapia, Directora General de la Comisi\u00f3n Estatal de Parques Naturales y de la Fauna (Cepanaf); Marco Antonio Ruiz Ruiz, representante del Consejo Supremo por la Unificaci\u00f3n de los Pueblos Ind\u00edgenas; Erika Icela Castillo Vega, integrante de la Sala de Asuntos Ind\u00edgenas del Poder Judicial del Estado de M\u00e9xico; as\u00ed como representantes de los cinco pueblos originarios del Estado de M\u00e9xico, estudiantes, servidores p\u00fablicos, productores, artesanos y voluntarios forestales.<\/p>\n\n\n\n<p>Este evento refleja el compromiso del Gobierno del Estado de M\u00e9xico, encabezado por la Maestra Delfina G\u00f3mez \u00c1lvarez, de reconocer y fortalecer el papel de este sector en la protecci\u00f3n del medio ambiente y en el fortalecimiento de la diversidad cultural de la entidad.<\/p>\n","protected":false},"excerpt":{"rendered":"<p>\u2022 Realiza foro con la asistencia de integrantes de las culturas mazahua, otom\u00ed, nahua, tlahuica y matlatzinca.\u2022 Cincuenta expositores presentan muestra gastron\u00f3mica, artesanal y cultural en la Expo Forestal Ind\u00edgena 2025. METEPEC, Estado de M\u00e9xico. \u2013 Con la finalidad de reconocer el papel fundamental de los pueblos originarios en el cuidado los bosques, el agua<a class=\"read-more\" href=\"https:\/\/globalnewsmexico.com\/sitio\/reconoce-gobierno-del-edomex-liderazgo-de-pueblos-originarios-en-proteccion-de-los-bosques-y-el-agua\/\">Leer m\u00e1s<\/a><\/p>\n","protected":false},"author":13,"featured_media":69530,"comment_status":"closed","ping_status":"open","sticky":false,"template":"","format":"standard","meta":{"spay_email":"","footnotes":""},"categories":[208],"tags":[161,274,211,273,209],"jetpack_featured_media_url":"https:\/\/i1.wp.com\/globalnewsmexico.com\/sitio\/wp-content\/uploads\/2025\/08\/Diseno-sin-titulo-8.jpg?fit=1920%2C1080&ssl=1","jetpack_sharing_enabled":true,"jetpack_shortlink":"https:\/\/wp.me\/p9yqPL-i5r","jetpack_likes_enabled":true,"_links":{"self":[{"href":"https:\/\/globalnewsmexico.com\/sitio\/wp-json\/wp\/v2\/posts\/69529"}],"collection":[{"href":"https:\/\/globalnewsmexico.com\/sitio\/wp-json\/wp\/v2\/posts"}],"about":[{"href":"https:\/\/globalnewsmexico.com\/sitio\/wp-json\/wp\/v2\/types\/post"}],"author":[{"embeddable":true,"href":"https:\/\/globalnewsmexico.com\/sitio\/wp-json\/wp\/v2\/users\/13"}],"replies":[{"embeddable":true,"href":"https:\/\/globalnewsmexico.com\/sitio\/wp-json\/wp\/v2\/comments?post=69529"}],"version-history":[{"count":0,"href":"https:\/\/globalnewsmexico.com\/sitio\/wp-json\/wp\/v2\/posts\/69529\/revisions"}],"wp:featuredmedia":[{"embeddable":true,"href":"https:\/\/globalnewsmexico.com\/sitio\/wp-json\/wp\/v2\/media\/69530"}],"wp:attachment":[{"href":"https:\/\/globalnewsmexico.com\/sitio\/wp-json\/wp\/v2\/media?parent=69529"}],"wp:term":[{"taxonomy":"category","embeddable":true,"href":"https:\/\/globalnewsmexico.com\/sitio\/wp-json\/wp\/v2\/categories?post=69529"},{"taxonomy":"post_tag","embeddable":true,"href":"https:\/\/globalnewsmexico.com\/sitio\/wp-json\/wp\/v2\/tags?post=69529"}],"curies":[{"name":"wp","href":"https:\/\/api.w.org\/{rel}","templated":true}]}}