{"id":69533,"date":"2025-08-11T17:42:00","date_gmt":"2025-08-11T22:42:00","guid":{"rendered":"https:\/\/globalnewsmexico.com\/sitio\/?p=69533"},"modified":"2025-08-22T20:53:52","modified_gmt":"2025-08-23T01:53:52","slug":"continua-a-la-baja-el-robo-de-vehiculos-en-el-estado-de-mexico-29-menos-en-lo-que-va-de-2025","status":"publish","type":"post","link":"https:\/\/globalnewsmexico.com\/sitio\/continua-a-la-baja-el-robo-de-vehiculos-en-el-estado-de-mexico-29-menos-en-lo-que-va-de-2025\/","title":{"rendered":"Contin\u00faa a la baja el robo de veh\u00edculos en el Estado de M\u00e9xico; 29% menos en lo que va de 2025"},"content":{"rendered":"\n<p>\u2022 La Gobernadora Delfina G\u00f3mez \u00c1lvarez encabeza la Mesa de Coordinaci\u00f3n para la Construcci\u00f3n de la Paz.<br>\u2022 De enero a la fecha se han registrado 6 mil 112 robos de veh\u00edculos menos en comparaci\u00f3n con el mismo periodo de 2024.<\/p>\n\n\n\n<p>TOLUCA, Estado de M\u00e9xico. \u2013 El robo de veh\u00edculos en el Estado de M\u00e9xico disminuyo 29.42 por ciento en lo que va del a\u00f1o. La disminuci\u00f3n se atribuye a la coordinaci\u00f3n entre fuerzas federales, estatales y municipales, as\u00ed como a operativos focalizados y aseguramientos en zonas de resguardo de unidades y mercanc\u00edas robadas.<\/p>\n\n\n\n<p>\u201cIniciamos la semana en la Mesa de Coordinaci\u00f3n para la Construcci\u00f3n de la Paz, desde el Palacio de Gobierno. El trabajo en equipo con autoridades de los gobiernos federal y estatal, as\u00ed como de los municipios es esencial para la transformaci\u00f3n del #EdoM\u00e9x\u201d, coment\u00f3 la Gobernadora Delfina G\u00f3mez \u00c1lvarez en redes sociales.<\/p>\n\n\n\n<p>En esta sesi\u00f3n, la Fiscal\u00eda General de Justicia del Estado de M\u00e9xico (FGJEM) dio a conocer que del 1 de enero al 10 de agosto de 2025 se registraron seis mil 112 casos menos que en el mismo periodo de 2024. La disminuci\u00f3n ha sido proporcional en ambos tipos de este delito: robo de veh\u00edculo con violencia con 29.77 por ciento y robo de veh\u00edculo sin violencia con 29.58 por ciento.<\/p>\n\n\n\n<p>A la reuni\u00f3n n\u00famero 473 de la Mesa de Coordinaci\u00f3n para la Construcci\u00f3n de la Paz asistieron Horacio Duarte Olivares, Secretario General de Gobierno; Crist\u00f3bal Casta\u00f1eda Camarillo, Secretario de Seguridad estatal; Maricela L\u00f3pez Urbina, Secretaria T\u00e9cnica de la Mesa de Coordinaci\u00f3n para la Construcci\u00f3n de la Paz en el Estado de M\u00e9xico; Jos\u00e9 Luis Cervantes Mart\u00ednez, Fiscal General de Justicia del Estado de M\u00e9xico, as\u00ed como representantes de la Secretar\u00eda de la Defensa Nacional, Secretar\u00eda de Marina, Guardia Nacional y el Centro Nacional de Inteligencia.<\/p>\n","protected":false},"excerpt":{"rendered":"<p>\u2022 La Gobernadora Delfina G\u00f3mez \u00c1lvarez encabeza la Mesa de Coordinaci\u00f3n para la Construcci\u00f3n de la Paz.\u2022 De enero a la fecha se han registrado 6 mil 112 robos de veh\u00edculos menos en comparaci\u00f3n con el mismo periodo de 2024. TOLUCA, Estado de M\u00e9xico. \u2013 El robo de veh\u00edculos en el Estado de M\u00e9xico disminuyo<a class=\"read-more\" href=\"https:\/\/globalnewsmexico.com\/sitio\/continua-a-la-baja-el-robo-de-vehiculos-en-el-estado-de-mexico-29-menos-en-lo-que-va-de-2025\/\">Leer m\u00e1s<\/a><\/p>\n","protected":false},"author":13,"featured_media":69534,"comment_status":"closed","ping_status":"open","sticky":false,"template":"","format":"standard","meta":{"spay_email":"","footnotes":""},"categories":[208],"tags":[211,209],"jetpack_featured_media_url":"https:\/\/i2.wp.com\/globalnewsmexico.com\/sitio\/wp-content\/uploads\/2025\/08\/Diseno-sin-titulo-10.jpg?fit=1920%2C1080&ssl=1","jetpack_sharing_enabled":true,"jetpack_shortlink":"https:\/\/wp.me\/p9yqPL-i5v","jetpack_likes_enabled":true,"_links":{"self":[{"href":"https:\/\/globalnewsmexico.com\/sitio\/wp-json\/wp\/v2\/posts\/69533"}],"collection":[{"href":"https:\/\/globalnewsmexico.com\/sitio\/wp-json\/wp\/v2\/posts"}],"about":[{"href":"https:\/\/globalnewsmexico.com\/sitio\/wp-json\/wp\/v2\/types\/post"}],"author":[{"embeddable":true,"href":"https:\/\/globalnewsmexico.com\/sitio\/wp-json\/wp\/v2\/users\/13"}],"replies":[{"embeddable":true,"href":"https:\/\/globalnewsmexico.com\/sitio\/wp-json\/wp\/v2\/comments?post=69533"}],"version-history":[{"count":0,"href":"https:\/\/globalnewsmexico.com\/sitio\/wp-json\/wp\/v2\/posts\/69533\/revisions"}],"wp:featuredmedia":[{"embeddable":true,"href":"https:\/\/globalnewsmexico.com\/sitio\/wp-json\/wp\/v2\/media\/69534"}],"wp:attachment":[{"href":"https:\/\/globalnewsmexico.com\/sitio\/wp-json\/wp\/v2\/media?parent=69533"}],"wp:term":[{"taxonomy":"category","embeddable":true,"href":"https:\/\/globalnewsmexico.com\/sitio\/wp-json\/wp\/v2\/categories?post=69533"},{"taxonomy":"post_tag","embeddable":true,"href":"https:\/\/globalnewsmexico.com\/sitio\/wp-json\/wp\/v2\/tags?post=69533"}],"curies":[{"name":"wp","href":"https:\/\/api.w.org\/{rel}","templated":true}]}}