{"id":69563,"date":"2025-08-13T15:11:02","date_gmt":"2025-08-13T20:11:02","guid":{"rendered":"https:\/\/globalnewsmexico.com\/sitio\/?p=69563"},"modified":"2025-08-30T15:20:47","modified_gmt":"2025-08-30T20:20:47","slug":"gobierno-del-estado-de-mexico-conmemora-el-cxi-aniversario-de-los-tratados-de-teoloyucan","status":"publish","type":"post","link":"https:\/\/globalnewsmexico.com\/sitio\/gobierno-del-estado-de-mexico-conmemora-el-cxi-aniversario-de-los-tratados-de-teoloyucan\/","title":{"rendered":"Gobierno del Estado de M\u00e9xico conmemora el CXI Aniversario de los Tratados de Teoloyucan"},"content":{"rendered":"\n<p>\u2022 La Gobernadora Delfina G\u00f3mez \u00c1lvarez encabeza esta ceremonia que simboliza la unidad y el trabajo conjunto por la paz y el bienestar social.<br>\u2022 En la Mesa de Coordinaci\u00f3n para la Construcci\u00f3n de la Paz, destaca que el trabajo coordinado con las Fuerzas Armadas es esencial para la seguridad en nuestra entidad.<\/p>\n\n\n\n<p>RAY\u00d3N, Estado de M\u00e9xico. \u2013 La Gobernadora Delfina G\u00f3mez \u00c1lvarez encabez\u00f3 la ceremonia conmemorativa por el CXI aniversario de la Firma de los Tratados de Teoloyucan, s\u00edmbolo de unidad y trabajo conjunto por la paz y el bienestar social.<\/p>\n\n\n\n<p>En representaci\u00f3n de los tres poderes del Estado, Laura Gonz\u00e1lez Hern\u00e1ndez, Secretaria de Desarrollo Econ\u00f3mico, destac\u00f3 que la historia de M\u00e9xico ha estado marcada por grandes transformaciones en defensa de principios y valores universales.<\/p>\n\n\n\n<p>Como ejemplo, refiri\u00f3 la Independencia, la Reforma y la Revoluci\u00f3n Mexicana, y subray\u00f3 que, al igual que en 1910, hoy se vive un momento de corresponsabilidad para que el bienestar llegue a quienes m\u00e1s lo necesitan.<\/p>\n\n\n\n<p>Gonz\u00e1lez Hern\u00e1ndez record\u00f3 que los Tratados de Teoloyucan, firmados el 13 de agosto de 1914 en territorio mexiquense, pusieron fin a la Revoluci\u00f3n Constitucionalista y sentaron las bases para un nuevo orden pol\u00edtico.<\/p>\n\n\n\n<p>Resalt\u00f3 que ese esp\u00edritu se refleja hoy en el liderazgo de mujeres en los m\u00e1ximos cargos de la naci\u00f3n y el estado: la Presidenta de M\u00e9xico, Claudia Sheinbaum Pardo, y la gobernadora Delfina G\u00f3mez \u00c1lvarez, ambas comprometidas con el humanismo mexicano y la justicia social.<\/p>\n\n\n\n<p>Durante el acto, los soldados del Servicio Militar Nacional, B\u00e1rbara Barrera Ortega y Jes\u00fas Alejandro S\u00e1nchez Bustos, ofrecieron una rese\u00f1a hist\u00f3rica sobre este hecho, que represent\u00f3 un paso decisivo hacia la pacificaci\u00f3n del pa\u00eds y la construcci\u00f3n de un nuevo marco constitucional.<\/p>\n\n\n\n<p>Previo a este evento, la Gobernadora Delfina G\u00f3mez \u00c1lvarez presidi\u00f3 la sesi\u00f3n n\u00famero 475 de la Mesa de Coordinaci\u00f3n para la Construcci\u00f3n de la Paz en las instalaciones de la 22\/a. Zona Militar, ubicadas en Ray\u00f3n, donde destac\u00f3 que, \u201cel trabajo coordinado con las Fuerzas Armadas es esencial para la seguridad en nuestra entidad\u201d, public\u00f3 la Mandataria estatal en sus redes sociales.<\/p>\n\n\n\n<p>En la ceremonia estuvieron presentes Fernando D\u00edaz Ju\u00e1rez, Presidente del Tribunal Superior de Justicia y del Consejo de la Judicatura; Jos\u00e9 Francisco V\u00e1zquez Rodr\u00edguez, Presidente de la Junta de Coordinaci\u00f3n Pol\u00edtica de la LXII Legislatura estatal; el General de Brigada E.M. Armando L\u00f3pez Esquivel, Comandante de la 22\/a Zona Militar; Horacio Duarte Olivares, Secretario General de Gobierno; Crist\u00f3bal Casta\u00f1eda Camarillo, Secretario de Seguridad estatal; y Edna Stephany Talavera Mercado, Presidenta municipal de Ray\u00f3n.<\/p>\n","protected":false},"excerpt":{"rendered":"<p>\u2022 La Gobernadora Delfina G\u00f3mez \u00c1lvarez encabeza esta ceremonia que simboliza la unidad y el trabajo conjunto por la paz y el bienestar social.\u2022 En la Mesa de Coordinaci\u00f3n para la Construcci\u00f3n de la Paz, destaca que el trabajo coordinado con las Fuerzas Armadas es esencial para la seguridad en nuestra entidad. RAY\u00d3N, Estado de<a class=\"read-more\" href=\"https:\/\/globalnewsmexico.com\/sitio\/gobierno-del-estado-de-mexico-conmemora-el-cxi-aniversario-de-los-tratados-de-teoloyucan\/\">Leer m\u00e1s<\/a><\/p>\n","protected":false},"author":13,"featured_media":69564,"comment_status":"closed","ping_status":"open","sticky":false,"template":"","format":"standard","meta":{"spay_email":"","footnotes":""},"categories":[208],"tags":[278,211,214,273,279,209],"jetpack_featured_media_url":"https:\/\/i0.wp.com\/globalnewsmexico.com\/sitio\/wp-content\/uploads\/2025\/08\/Diseno-sin-titulo-13.jpg?fit=1920%2C1080&ssl=1","jetpack_sharing_enabled":true,"jetpack_shortlink":"https:\/\/wp.me\/p9yqPL-i5Z","jetpack_likes_enabled":true,"_links":{"self":[{"href":"https:\/\/globalnewsmexico.com\/sitio\/wp-json\/wp\/v2\/posts\/69563"}],"collection":[{"href":"https:\/\/globalnewsmexico.com\/sitio\/wp-json\/wp\/v2\/posts"}],"about":[{"href":"https:\/\/globalnewsmexico.com\/sitio\/wp-json\/wp\/v2\/types\/post"}],"author":[{"embeddable":true,"href":"https:\/\/globalnewsmexico.com\/sitio\/wp-json\/wp\/v2\/users\/13"}],"replies":[{"embeddable":true,"href":"https:\/\/globalnewsmexico.com\/sitio\/wp-json\/wp\/v2\/comments?post=69563"}],"version-history":[{"count":0,"href":"https:\/\/globalnewsmexico.com\/sitio\/wp-json\/wp\/v2\/posts\/69563\/revisions"}],"wp:featuredmedia":[{"embeddable":true,"href":"https:\/\/globalnewsmexico.com\/sitio\/wp-json\/wp\/v2\/media\/69564"}],"wp:attachment":[{"href":"https:\/\/globalnewsmexico.com\/sitio\/wp-json\/wp\/v2\/media?parent=69563"}],"wp:term":[{"taxonomy":"category","embeddable":true,"href":"https:\/\/globalnewsmexico.com\/sitio\/wp-json\/wp\/v2\/categories?post=69563"},{"taxonomy":"post_tag","embeddable":true,"href":"https:\/\/globalnewsmexico.com\/sitio\/wp-json\/wp\/v2\/tags?post=69563"}],"curies":[{"name":"wp","href":"https:\/\/api.w.org\/{rel}","templated":true}]}}