{"id":69572,"date":"2025-08-30T16:54:52","date_gmt":"2025-08-30T21:54:52","guid":{"rendered":"https:\/\/globalnewsmexico.com\/sitio\/?p=69572"},"modified":"2025-08-30T16:54:53","modified_gmt":"2025-08-30T21:54:53","slug":"capacitan-a-jovenes-mexiquenses-como-promotores-de-lectura-en-sus-comunidades","status":"publish","type":"post","link":"https:\/\/globalnewsmexico.com\/sitio\/capacitan-a-jovenes-mexiquenses-como-promotores-de-lectura-en-sus-comunidades\/","title":{"rendered":"Capacitan a j\u00f3venes mexiquenses como promotores de lectura en sus comunidades"},"content":{"rendered":"\n<p><strong>Toluca, Estado de M\u00e9xico.<\/strong> En un esfuerzo por promover la lectura como una herramienta para construir entornos de paz y fortalecer el tejido social, el Gobierno del Estado de M\u00e9xico, a trav\u00e9s del Instituto Mexiquense de la Juventud (IMEJ), capacit\u00f3 a 40 j\u00f3venes de entre 12 y 29 a\u00f1os como mediadores lectores comunitarios. La iniciativa fue posible gracias a una alianza con el <strong>Fondo de Cultura Econ\u00f3mica<\/strong> y forma parte del <strong>Programa Nacional de Clubes de Lectura<\/strong>.<\/p>\n\n\n\n<p>Durante un diplomado virtual de tres d\u00edas, los participantes desarrollaron habilidades de mediaci\u00f3n lectora, din\u00e1micas colaborativas y estrategias creativas para fomentar el h\u00e1bito lector en sus comunidades. Las sesiones, de dos horas diarias, estuvieron orientadas no solo a la promoci\u00f3n de la lectura por placer, sino tambi\u00e9n al trabajo en red y la generaci\u00f3n de espacios seguros y participativos.<\/p>\n\n\n\n<p>Como parte del programa, cada joven recibi\u00f3 un <strong>acervo de 20 libros<\/strong> para iniciar o fortalecer su biblioteca comunitaria, as\u00ed como un diploma con registro oficial del Fondo de Cultura Econ\u00f3mica. Este reconocimiento tambi\u00e9n les permitir\u00e1 inscribirse en el <strong>Programa Nacional de Salas de Lectura<\/strong>, que otorga respaldo institucional a proyectos de lectura locales.<\/p>\n\n\n\n<p>La Secretar\u00eda de Bienestar estatal, en conjunto con la Secretar\u00eda de Cultura federal, impulsa este tipo de acciones como parte de una pol\u00edtica p\u00fablica que busca atender a las juventudes desde una perspectiva integral, educativa y cultural.<\/p>\n\n\n\n<p><strong>Cierre<\/strong>:<\/p>\n\n\n\n<p>Con estas iniciativas, el Gobierno del Edom\u00e9x reafirma su compromiso de brindar oportunidades a las y los j\u00f3venes, reconoci\u00e9ndolos como agentes de cambio capaces de transformar sus comunidades a trav\u00e9s de la lectura, la participaci\u00f3n y la cultura de paz.<\/p>\n","protected":false},"excerpt":{"rendered":"<p>Toluca, Estado de M\u00e9xico. En un esfuerzo por promover la lectura como una herramienta para construir entornos de paz y fortalecer el tejido social, el Gobierno del Estado de M\u00e9xico, a trav\u00e9s del Instituto Mexiquense de la Juventud (IMEJ), capacit\u00f3 a 40 j\u00f3venes de entre 12 y 29 a\u00f1os como mediadores lectores comunitarios. La iniciativa<a class=\"read-more\" href=\"https:\/\/globalnewsmexico.com\/sitio\/capacitan-a-jovenes-mexiquenses-como-promotores-de-lectura-en-sus-comunidades\/\">Leer m\u00e1s<\/a><\/p>\n","protected":false},"author":12,"featured_media":69573,"comment_status":"closed","ping_status":"open","sticky":false,"template":"","format":"standard","meta":{"spay_email":"","footnotes":""},"categories":[208],"tags":[],"jetpack_featured_media_url":"https:\/\/i2.wp.com\/globalnewsmexico.com\/sitio\/wp-content\/uploads\/2025\/08\/Diseno-sin-titulo-9.png?fit=1920%2C1080&ssl=1","jetpack_sharing_enabled":true,"jetpack_shortlink":"https:\/\/wp.me\/p9yqPL-i68","jetpack_likes_enabled":true,"_links":{"self":[{"href":"https:\/\/globalnewsmexico.com\/sitio\/wp-json\/wp\/v2\/posts\/69572"}],"collection":[{"href":"https:\/\/globalnewsmexico.com\/sitio\/wp-json\/wp\/v2\/posts"}],"about":[{"href":"https:\/\/globalnewsmexico.com\/sitio\/wp-json\/wp\/v2\/types\/post"}],"author":[{"embeddable":true,"href":"https:\/\/globalnewsmexico.com\/sitio\/wp-json\/wp\/v2\/users\/12"}],"replies":[{"embeddable":true,"href":"https:\/\/globalnewsmexico.com\/sitio\/wp-json\/wp\/v2\/comments?post=69572"}],"version-history":[{"count":0,"href":"https:\/\/globalnewsmexico.com\/sitio\/wp-json\/wp\/v2\/posts\/69572\/revisions"}],"wp:featuredmedia":[{"embeddable":true,"href":"https:\/\/globalnewsmexico.com\/sitio\/wp-json\/wp\/v2\/media\/69573"}],"wp:attachment":[{"href":"https:\/\/globalnewsmexico.com\/sitio\/wp-json\/wp\/v2\/media?parent=69572"}],"wp:term":[{"taxonomy":"category","embeddable":true,"href":"https:\/\/globalnewsmexico.com\/sitio\/wp-json\/wp\/v2\/categories?post=69572"},{"taxonomy":"post_tag","embeddable":true,"href":"https:\/\/globalnewsmexico.com\/sitio\/wp-json\/wp\/v2\/tags?post=69572"}],"curies":[{"name":"wp","href":"https:\/\/api.w.org\/{rel}","templated":true}]}}