{"id":69591,"date":"2025-08-23T00:17:03","date_gmt":"2025-08-23T05:17:03","guid":{"rendered":"https:\/\/globalnewsmexico.com\/sitio\/?p=69591"},"modified":"2025-08-31T00:22:36","modified_gmt":"2025-08-31T05:22:36","slug":"capacita-gem-a-427-operadoras-de-transporte-publico-de-la-zona-oriente-a-traves-del-programa-mujeres-al-volante","status":"publish","type":"post","link":"https:\/\/globalnewsmexico.com\/sitio\/capacita-gem-a-427-operadoras-de-transporte-publico-de-la-zona-oriente-a-traves-del-programa-mujeres-al-volante\/","title":{"rendered":"Capacita GEM a 427 operadoras de transporte p\u00fablico de la zona oriente a trav\u00e9s del Programa Mujeres al Volante"},"content":{"rendered":"\n<ul>\n<li>El programa se consolida como v\u00eda para impulsar la igualdad de g\u00e9nero y una movilidad segura y profesional.<\/li>\n\n\n\n<li>Inaugura Semov octavo curso de manejo; se realizar\u00e1 del 25 de agosto al 19 de septiembre en Texcoco.<\/li>\n<\/ul>\n\n\n\n<p>TEXCOCO, Estado de M\u00e9xico.- Desde junio de 2024, 427 mujeres de la zona oriente del Estado de M\u00e9xico han sido capacitadas y certificadas como conductoras del servicio del transporte p\u00fablico a trav\u00e9s del programa Mujeres al Volante, impulsado por el Gobierno de la Maestra Delfina G\u00f3mez \u00c1lvarez para fomentar la igualdad de g\u00e9nero e impulsar una movilidad segura y profesional.<\/p>\n\n\n\n<p>Al inaugurar el octavo curso de este programa, Daniel Sibaja Gonz\u00e1lez, Secretario de Movilidad, destac\u00f3 que la Gobernadora Delfina G\u00f3mez impulsa esta iniciativa, dado que representa un acto de justicia social que fomenta la paridad en los ingresos, con el fin de disminuir la brecha econ\u00f3mica que a\u00fan existe en el \u00e1mbito laboral entre hombres y mujeres en el \u00e1mbito del transporte p\u00fablico.<\/p>\n\n\n\n<p>El curso de manejo de Mujeres al volante se llevar\u00e1 a cabo del 25 de agosto al 19 de septiembre en Texcoco y participar\u00e1n 55 mujeres, quienes al concluir tendr\u00e1n la posibilidad de sumarse al mercado laboral como operadoras de transporte p\u00fablico, lo que les permitir\u00e1 tener independencia econ\u00f3mica.<\/p>\n\n\n\n<p>Sibaja Gonz\u00e1lez se\u00f1al\u00f3 que las mujeres han demostrado ser buenas conductoras y previsoras de accidentes, adem\u00e1s de mantener en buenas condiciones las unidades.<\/p>\n\n\n\n<p>Candi Ashanti Dom\u00ednguez Manjarrez, Vocal Ejecutiva del Instituto del Transporte del Estado de M\u00e9xico (ITEM) destac\u00f3 que la movilidad y el transporte p\u00fablico se est\u00e1 transformando con la capacitaci\u00f3n e inclusi\u00f3n de las mujeres. Indic\u00f3 que con estas acciones se construyen comunidades m\u00e1s igualitarias y un mejor camino para las futuras generaciones.<\/p>\n","protected":false},"excerpt":{"rendered":"<p>TEXCOCO, Estado de M\u00e9xico.- Desde junio de 2024, 427 mujeres de la zona oriente del Estado de M\u00e9xico han sido capacitadas y certificadas como conductoras del servicio del transporte p\u00fablico a trav\u00e9s del programa Mujeres al Volante, impulsado por el Gobierno de la Maestra Delfina G\u00f3mez \u00c1lvarez para fomentar la igualdad de g\u00e9nero e impulsar<a class=\"read-more\" href=\"https:\/\/globalnewsmexico.com\/sitio\/capacita-gem-a-427-operadoras-de-transporte-publico-de-la-zona-oriente-a-traves-del-programa-mujeres-al-volante\/\">Leer m\u00e1s<\/a><\/p>\n","protected":false},"author":13,"featured_media":69592,"comment_status":"closed","ping_status":"open","sticky":false,"template":"","format":"standard","meta":{"spay_email":"","footnotes":""},"categories":[208],"tags":[295,211,214,292,294,209,293],"jetpack_featured_media_url":"https:\/\/i0.wp.com\/globalnewsmexico.com\/sitio\/wp-content\/uploads\/2025\/08\/Diseno-sin-titulo-21.jpg?fit=1920%2C1080&ssl=1","jetpack_sharing_enabled":true,"jetpack_shortlink":"https:\/\/wp.me\/p9yqPL-i6r","jetpack_likes_enabled":true,"_links":{"self":[{"href":"https:\/\/globalnewsmexico.com\/sitio\/wp-json\/wp\/v2\/posts\/69591"}],"collection":[{"href":"https:\/\/globalnewsmexico.com\/sitio\/wp-json\/wp\/v2\/posts"}],"about":[{"href":"https:\/\/globalnewsmexico.com\/sitio\/wp-json\/wp\/v2\/types\/post"}],"author":[{"embeddable":true,"href":"https:\/\/globalnewsmexico.com\/sitio\/wp-json\/wp\/v2\/users\/13"}],"replies":[{"embeddable":true,"href":"https:\/\/globalnewsmexico.com\/sitio\/wp-json\/wp\/v2\/comments?post=69591"}],"version-history":[{"count":0,"href":"https:\/\/globalnewsmexico.com\/sitio\/wp-json\/wp\/v2\/posts\/69591\/revisions"}],"wp:featuredmedia":[{"embeddable":true,"href":"https:\/\/globalnewsmexico.com\/sitio\/wp-json\/wp\/v2\/media\/69592"}],"wp:attachment":[{"href":"https:\/\/globalnewsmexico.com\/sitio\/wp-json\/wp\/v2\/media?parent=69591"}],"wp:term":[{"taxonomy":"category","embeddable":true,"href":"https:\/\/globalnewsmexico.com\/sitio\/wp-json\/wp\/v2\/categories?post=69591"},{"taxonomy":"post_tag","embeddable":true,"href":"https:\/\/globalnewsmexico.com\/sitio\/wp-json\/wp\/v2\/tags?post=69591"}],"curies":[{"name":"wp","href":"https:\/\/api.w.org\/{rel}","templated":true}]}}