{"id":69706,"date":"2025-09-15T15:03:01","date_gmt":"2025-09-15T20:03:01","guid":{"rendered":"https:\/\/globalnewsmexico.com\/sitio\/?p=69706"},"modified":"2025-09-15T15:03:02","modified_gmt":"2025-09-15T20:03:02","slug":"toluca-vivira-una-noche-de-fiesta-tradicion-y-tecnologia-este-15-de-septiembre","status":"publish","type":"post","link":"https:\/\/globalnewsmexico.com\/sitio\/toluca-vivira-una-noche-de-fiesta-tradicion-y-tecnologia-este-15-de-septiembre\/","title":{"rendered":"Toluca vivir\u00e1 una noche de fiesta, tradici\u00f3n y tecnolog\u00eda este 15 de septiembre"},"content":{"rendered":"\n<p><strong>Toluca, Estado de M\u00e9xico \u2014<\/strong> Con motivo del <strong>215\u00b0 aniversario de la Independencia de M\u00e9xico<\/strong>, el Gobierno del Estado de M\u00e9xico se prepara para ofrecer una celebraci\u00f3n masiva en la <strong>Plaza de los M\u00e1rtires<\/strong>, donde se combinar\u00e1n folclor, m\u00fasica en vivo, tradici\u00f3n y tecnolog\u00eda. La <strong>Gobernadora Delfina G\u00f3mez \u00c1lvarez<\/strong> encabezar\u00e1 el Grito de Independencia desde el Palacio de Gobierno, en una jornada dise\u00f1ada para unir a las familias mexiquenses en un ambiente de alegr\u00eda y orgullo nacional.<\/p>\n\n\n\n<h4 class=\"wp-block-heading\">M\u00fasica, danza y un espect\u00e1culo de drones<\/h4>\n\n\n\n<p>La verbena popular comenzar\u00e1 desde las 18:00 horas con presentaciones de danza tradicional, como los <strong>Chinelos de Juchitepec<\/strong>, la <strong>Compa\u00f1\u00eda de Danza Folcl\u00f3rica del Valle de los Volcanes<\/strong> y los <strong>Xitas de Temascalcingo<\/strong>, reflejando la riqueza cultural del estado. M\u00e1s tarde, el escenario se transformar\u00e1 con m\u00fasica en vivo a cargo de <strong>Zona Rika<\/strong> y <strong>Mike Rodr\u00edguez Jr.<\/strong>, quienes pondr\u00e1n el ritmo previo al acto principal.<\/p>\n\n\n\n<p>A las 23:00 horas, la Gobernadora dar\u00e1 el <strong>Grito de Independencia<\/strong>, seguido de un espect\u00e1culo visual \u00fanico: <strong>200 drones<\/strong> iluminar\u00e1n el cielo de Toluca con figuras patrias, acompa\u00f1ado de pirotecnia, marcando un momento emblem\u00e1tico de las celebraciones.<\/p>\n\n\n\n<h4 class=\"wp-block-heading\">Seguridad y ambiente familiar garantizados<\/h4>\n\n\n\n<p>Para asegurar que la celebraci\u00f3n transcurra en un entorno seguro y organizado, el gobierno estatal implementar\u00e1 un <strong>operativo especial<\/strong> con presencia de seguridad p\u00fablica, protecci\u00f3n civil, servicios m\u00e9dicos, m\u00f3dulos de atenci\u00f3n y sanitarios distribuidos en la zona del evento.<\/p>\n\n\n\n<p>Con esta festividad, el Estado de M\u00e9xico reafirma su compromiso con la cultura, la tradici\u00f3n y la convivencia pac\u00edfica, ofreciendo una noche memorable que honra el legado hist\u00f3rico de la Independencia y promueve la unidad entre las y los mexiquenses.<\/p>\n","protected":false},"excerpt":{"rendered":"<p>Toluca, Estado de M\u00e9xico \u2014 Con motivo del 215\u00b0 aniversario de la Independencia de M\u00e9xico, el Gobierno del Estado de M\u00e9xico se prepara para ofrecer una celebraci\u00f3n masiva en la Plaza de los M\u00e1rtires, donde se combinar\u00e1n folclor, m\u00fasica en vivo, tradici\u00f3n y tecnolog\u00eda. La Gobernadora Delfina G\u00f3mez \u00c1lvarez encabezar\u00e1 el Grito de Independencia desde<a class=\"read-more\" href=\"https:\/\/globalnewsmexico.com\/sitio\/toluca-vivira-una-noche-de-fiesta-tradicion-y-tecnologia-este-15-de-septiembre\/\">Leer m\u00e1s<\/a><\/p>\n","protected":false},"author":12,"featured_media":69707,"comment_status":"closed","ping_status":"open","sticky":false,"template":"","format":"standard","meta":{"spay_email":"","footnotes":""},"categories":[208],"tags":[],"jetpack_featured_media_url":"https:\/\/i2.wp.com\/globalnewsmexico.com\/sitio\/wp-content\/uploads\/2025\/09\/Agilizara-Toluca-tramites-de-divorcio-para-personas-violentadas-30.png?fit=1920%2C1080&ssl=1","jetpack_sharing_enabled":true,"jetpack_shortlink":"https:\/\/wp.me\/p9yqPL-i8i","jetpack_likes_enabled":true,"_links":{"self":[{"href":"https:\/\/globalnewsmexico.com\/sitio\/wp-json\/wp\/v2\/posts\/69706"}],"collection":[{"href":"https:\/\/globalnewsmexico.com\/sitio\/wp-json\/wp\/v2\/posts"}],"about":[{"href":"https:\/\/globalnewsmexico.com\/sitio\/wp-json\/wp\/v2\/types\/post"}],"author":[{"embeddable":true,"href":"https:\/\/globalnewsmexico.com\/sitio\/wp-json\/wp\/v2\/users\/12"}],"replies":[{"embeddable":true,"href":"https:\/\/globalnewsmexico.com\/sitio\/wp-json\/wp\/v2\/comments?post=69706"}],"version-history":[{"count":0,"href":"https:\/\/globalnewsmexico.com\/sitio\/wp-json\/wp\/v2\/posts\/69706\/revisions"}],"wp:featuredmedia":[{"embeddable":true,"href":"https:\/\/globalnewsmexico.com\/sitio\/wp-json\/wp\/v2\/media\/69707"}],"wp:attachment":[{"href":"https:\/\/globalnewsmexico.com\/sitio\/wp-json\/wp\/v2\/media?parent=69706"}],"wp:term":[{"taxonomy":"category","embeddable":true,"href":"https:\/\/globalnewsmexico.com\/sitio\/wp-json\/wp\/v2\/categories?post=69706"},{"taxonomy":"post_tag","embeddable":true,"href":"https:\/\/globalnewsmexico.com\/sitio\/wp-json\/wp\/v2\/tags?post=69706"}],"curies":[{"name":"wp","href":"https:\/\/api.w.org\/{rel}","templated":true}]}}