{"id":69871,"date":"2025-10-10T14:17:37","date_gmt":"2025-10-10T19:17:37","guid":{"rendered":"https:\/\/globalnewsmexico.com\/sitio\/?p=69871"},"modified":"2025-10-10T14:17:38","modified_gmt":"2025-10-10T19:17:38","slug":"atencion-ciudadania-toluca-anuncia-cortes-viales-este-domingo-12-de-octubre-por-mexivia-recreativa-y-la-carrera-ayudar-nos-mueve","status":"publish","type":"post","link":"https:\/\/globalnewsmexico.com\/sitio\/atencion-ciudadania-toluca-anuncia-cortes-viales-este-domingo-12-de-octubre-por-mexivia-recreativa-y-la-carrera-ayudar-nos-mueve\/","title":{"rendered":"Atenci\u00f3n ciudadan\u00eda! Toluca anuncia cortes viales este domingo 12 de octubre por Mexiv\u00eda Recreativa y la Carrera \u201cAyudar nos Mueve\u201d"},"content":{"rendered":"\n<p><strong>\u2022 Cierres viales de 6:00 a 15:00 horas en varios puntos clave de Toluca y San Mateo Atenco<\/strong><br><strong>\u2022 Gobierno municipal llama a respetar indicaciones para evitar retrasos y congestionamientos<\/strong><\/p>\n\n\n\n<p><strong>Toluca, Estado de M\u00e9xico, 10 de octubre de 2025.<\/strong> \u2013 El Gobierno Municipal de Toluca inform\u00f3 que este <strong>domingo 12 de octubre<\/strong> se realizar\u00e1n <strong>cortes viales intermitentes<\/strong> debido a la celebraci\u00f3n de dos eventos simult\u00e1neos: la <strong>Mexiv\u00eda Recreativa<\/strong> y la <strong>Carrera \u201cAyudar nos Mueve\u201d<\/strong> organizada por la Cruz Roja Mexicana, delegaci\u00f3n Toluca.<\/p>\n\n\n\n<h3 class=\"wp-block-heading\"><strong>Horarios de cortes viales<\/strong><\/h3>\n\n\n\n<ul>\n<li><strong>Inicio:<\/strong> 6:00 a. m.<\/li>\n\n\n\n<li><strong>T\u00e9rmino estimado:<\/strong> 3:00 p. m.<\/li>\n<\/ul>\n\n\n\n<p>Se recomienda a la poblaci\u00f3n <strong>tomar precauciones<\/strong>, <strong>respetar se\u00f1alamientos<\/strong> y <strong>utilizar v\u00edas alternas<\/strong> durante el desarrollo de las actividades.<\/p>\n\n\n\n<h3 class=\"wp-block-heading\"> <strong>Zonas de afectaci\u00f3n por cierres viales<\/strong><\/h3>\n\n\n\n<h4 class=\"wp-block-heading\">Mexiv\u00eda Recreativa (8:00 a 13:00 horas)<\/h4>\n\n\n\n<p>Cierres intermitentes en:<\/p>\n\n\n\n<ul>\n<li><strong>Avenida Solidaridad Las Torres<\/strong> y su intersecci\u00f3n con:\n<ul>\n<li>Paseo Col\u00f3n<\/li>\n\n\n\n<li>Jes\u00fas Carranza<\/li>\n\n\n\n<li>Heriberto Enr\u00edquez<\/li>\n\n\n\n<li>Jos\u00e9 Mar\u00eda Pino Su\u00e1rez<\/li>\n\n\n\n<li>Benito Ju\u00e1rez Garc\u00eda<\/li>\n\n\n\n<li>D\u00edaz Mir\u00f3n<\/li>\n<\/ul>\n<\/li>\n\n\n\n<li><strong>Paseo Col\u00f3n<\/strong>: De <strong>Horacio Z\u00fa\u00f1iga<\/strong> a la <strong>Glorieta de Capultitl\u00e1n<\/strong><\/li>\n\n\n\n<li><strong>Vicente Guerrero<\/strong>: De <strong>Venustiano Carranza<\/strong> al <strong>Parque Vicente Guerrero<\/strong><\/li>\n<\/ul>\n\n\n\n<p> La ruta de <strong>38 km<\/strong> ser\u00e1 exclusiva para:<\/p>\n\n\n\n<ul>\n<li>Peatones<\/li>\n\n\n\n<li>Ciclistas<\/li>\n\n\n\n<li>Corredores<\/li>\n\n\n\n<li>Transporte no motorizado<\/li>\n<\/ul>\n\n\n\n<p>Tambi\u00e9n habr\u00e1 actividades culturales, deportivas y recreativas gratuitas en espacios seguros.<\/p>\n","protected":false},"excerpt":{"rendered":"<p>\u2022 Cierres viales de 6:00 a 15:00 horas en varios puntos clave de Toluca y San Mateo Atenco\u2022 Gobierno municipal llama a respetar indicaciones para evitar retrasos y congestionamientos Toluca, Estado de M\u00e9xico, 10 de octubre de 2025. \u2013 El Gobierno Municipal de Toluca inform\u00f3 que este domingo 12 de octubre se realizar\u00e1n cortes viales<a class=\"read-more\" href=\"https:\/\/globalnewsmexico.com\/sitio\/atencion-ciudadania-toluca-anuncia-cortes-viales-este-domingo-12-de-octubre-por-mexivia-recreativa-y-la-carrera-ayudar-nos-mueve\/\">Leer m\u00e1s<\/a><\/p>\n","protected":false},"author":12,"featured_media":69872,"comment_status":"closed","ping_status":"open","sticky":false,"template":"","format":"standard","meta":{"spay_email":"","footnotes":""},"categories":[208],"tags":[],"jetpack_featured_media_url":"https:\/\/i0.wp.com\/globalnewsmexico.com\/sitio\/wp-content\/uploads\/2025\/10\/Agilizara-Toluca-tramites-de-divorcio-para-personas-violentadas-13-1.png?fit=1920%2C1080&ssl=1","jetpack_sharing_enabled":true,"jetpack_shortlink":"https:\/\/wp.me\/p9yqPL-iaX","jetpack_likes_enabled":true,"_links":{"self":[{"href":"https:\/\/globalnewsmexico.com\/sitio\/wp-json\/wp\/v2\/posts\/69871"}],"collection":[{"href":"https:\/\/globalnewsmexico.com\/sitio\/wp-json\/wp\/v2\/posts"}],"about":[{"href":"https:\/\/globalnewsmexico.com\/sitio\/wp-json\/wp\/v2\/types\/post"}],"author":[{"embeddable":true,"href":"https:\/\/globalnewsmexico.com\/sitio\/wp-json\/wp\/v2\/users\/12"}],"replies":[{"embeddable":true,"href":"https:\/\/globalnewsmexico.com\/sitio\/wp-json\/wp\/v2\/comments?post=69871"}],"version-history":[{"count":0,"href":"https:\/\/globalnewsmexico.com\/sitio\/wp-json\/wp\/v2\/posts\/69871\/revisions"}],"wp:featuredmedia":[{"embeddable":true,"href":"https:\/\/globalnewsmexico.com\/sitio\/wp-json\/wp\/v2\/media\/69872"}],"wp:attachment":[{"href":"https:\/\/globalnewsmexico.com\/sitio\/wp-json\/wp\/v2\/media?parent=69871"}],"wp:term":[{"taxonomy":"category","embeddable":true,"href":"https:\/\/globalnewsmexico.com\/sitio\/wp-json\/wp\/v2\/categories?post=69871"},{"taxonomy":"post_tag","embeddable":true,"href":"https:\/\/globalnewsmexico.com\/sitio\/wp-json\/wp\/v2\/tags?post=69871"}],"curies":[{"name":"wp","href":"https:\/\/api.w.org\/{rel}","templated":true}]}}